{"id":332992,"date":"2025-08-21T03:09:22","date_gmt":"2025-08-21T03:09:22","guid":{"rendered":"https:\/\/www.europesays.com\/fr\/332992\/"},"modified":"2025-08-21T03:09:22","modified_gmt":"2025-08-21T03:09:22","slug":"atelier-a-la-decouverte-du-video-mapping","status":"publish","type":"post","link":"https:\/\/www.europesays.com\/fr\/332992\/","title":{"rendered":"Atelier : \u00c0 la d\u00e9couverte du video mapping"},"content":{"rendered":"<p><strong>ATELIER : \u00c0 LA D\u00c9COUVERTE DU VIDEO MAPPING<\/strong><\/p>\n<p><strong>\u2022 Samedi 20 septembre de 14h \u00e0 17h \u2013 H\u00f4tel de Ville de Lille<\/strong><br \/><strong>\u2022 Dimanche 21 septembre de 14h \u00e0 18h \u2013 \u00c9glise Sainte-Marie-Madeleine, Lille<\/strong><br \/><strong>Gratuit<\/strong><\/p>\n<p>Chaque ann\u00e9e, le Video Mapping Festival propose lors du parcours d\u2019ouverture du Festival des video mapping monumentaux sur des b\u00e2timents embl\u00e9matiques du patrimoine lillois : Op\u00e9ra de Lille, La Voix du Nord, Gare Lille Flandres, Palais Rihour\u2026 Les artistes mapping s\u2019emparent du patrimoine architectural de la Ville pour le sublimer et en proposer une interpr\u00e9tation personnelle.<\/p>\n<p>\u00c0 l\u2019occasion des Journ\u00e9es europ\u00e9ennes du patrimoine, venez \u00e9changer avec les \u00e9quipes du Video Mapping Festival afin de comprendre comment sont diffus\u00e9s les mapping !<br \/>Vous pourrez tester le logiciel qui permet la projection sur les b\u00e2timents et cr\u00e9er vos propres animations qui seront diffus\u00e9es en temps r\u00e9el sur des maquettes 3D de monuments lillois.<\/p>\n<p>Atelier gratuit et ouvert \u00e0 toutes et tous !<\/p>\n","protected":false},"excerpt":{"rendered":"ATELIER : \u00c0 LA D\u00c9COUVERTE DU VIDEO MAPPING \u2022 Samedi 20 septembre de 14h \u00e0 17h \u2013 H\u00f4tel&hellip;\n","protected":false},"author":2,"featured_media":332993,"comment_status":"","ping_status":"","sticky":false,"template":"","format":"standard","meta":{"footnotes":""},"categories":[2815],"tags":[1111,11,1777,674,1011,27,811,1307,12,25],"class_list":{"0":"post-332992","1":"post","2":"type-post","3":"status-publish","4":"format-standard","5":"has-post-thumbnail","7":"category-lille","8":"tag-actu","9":"tag-actualites","10":"tag-eu","11":"tag-europe","12":"tag-fr","13":"tag-france","14":"tag-hauts-de-france","15":"tag-lille","16":"tag-news","17":"tag-republique-francaise"},"share_on_mastodon":{"url":"https:\/\/pubeurope.com\/@fr\/115064560833558563","error":""},"_links":{"self":[{"href":"https:\/\/www.europesays.com\/fr\/wp-json\/wp\/v2\/posts\/332992","targetHints":{"allow":["GET"]}}],"collection":[{"href":"https:\/\/www.europesays.com\/fr\/wp-json\/wp\/v2\/posts"}],"about":[{"href":"https:\/\/www.europesays.com\/fr\/wp-json\/wp\/v2\/types\/post"}],"author":[{"embeddable":true,"href":"https:\/\/www.europesays.com\/fr\/wp-json\/wp\/v2\/users\/2"}],"replies":[{"embeddable":true,"href":"https:\/\/www.europesays.com\/fr\/wp-json\/wp\/v2\/comments?post=332992"}],"version-history":[{"count":0,"href":"https:\/\/www.europesays.com\/fr\/wp-json\/wp\/v2\/posts\/332992\/revisions"}],"wp:featuredmedia":[{"embeddable":true,"href":"https:\/\/www.europesays.com\/fr\/wp-json\/wp\/v2\/media\/332993"}],"wp:attachment":[{"href":"https:\/\/www.europesays.com\/fr\/wp-json\/wp\/v2\/media?parent=332992"}],"wp:term":[{"taxonomy":"category","embeddable":true,"href":"https:\/\/www.europesays.com\/fr\/wp-json\/wp\/v2\/categories?post=332992"},{"taxonomy":"post_tag","embeddable":true,"href":"https:\/\/www.europesays.com\/fr\/wp-json\/wp\/v2\/tags?post=332992"}],"curies":[{"name":"wp","href":"https:\/\/api.w.org\/{rel}","templated":true}]}}