{"id":332994,"date":"2025-08-21T03:11:11","date_gmt":"2025-08-21T03:11:11","guid":{"rendered":"https:\/\/www.europesays.com\/fr\/332994\/"},"modified":"2025-08-21T03:11:11","modified_gmt":"2025-08-21T03:11:11","slug":"marseille-inauguration-du-bassin-de-retention-du-capitaine-geze","status":"publish","type":"post","link":"https:\/\/www.europesays.com\/fr\/332994\/","title":{"rendered":"MARSEILLE : Inauguration du bassin de r\u00e9tention du capitaine G\u00e8ze"},"content":{"rendered":"<p><b>Construit par NGE, le bassin de r\u00e9tention du capitaine G\u00e8ze \u00e0 Marseille est inaugur\u00e9 Une r\u00e9f\u00e9rence majeure en faveur de la protection de la ressource en eau.<\/b><\/p>\n<p style=\"font-weight: 400\">En juillet, l\u2019inauguration d\u2019une infrastructure essentielle dans le cadre de la requalification du quartier G\u00e8ze concernait le bassin de r\u00e9tention des eaux pluviales. Il s\u2019agit d\u2019une r\u00e9alisation majeure pour prot\u00e9ger la ressource en eau, un des axes de d\u00e9veloppement de NGE en faveur de la transition \u00e9cologique. Cette r\u00e9f\u00e9rence prouve la ma\u00eetrise du Groupe dans la r\u00e9alisation d\u2019ouvrages d\u2019une grande complexit\u00e9 technique avec une organisation millim\u00e9tr\u00e9e au regard de l\u2019emplacement en centre urbain.<\/p>\n<p style=\"font-weight: 400\">Apr\u00e8s deux ans de travaux r\u00e9alis\u00e9s pour le compte de L\u2019\u00c9tablissement Public d\u2019Am\u00e9nagement Eurom\u00e9diterran\u00e9e (ma\u00eetre d\u2019ouvrage d\u00e9l\u00e9gu\u00e9), le bassin de r\u00e9tention d\u2019une capacit\u00e9 de 10 500m3 a \u00e9t\u00e9 livr\u00e9 en mars 2025. Il a \u00e9t\u00e9 inaugur\u00e9 en pr\u00e9sence de Roland Giberti, vice-pr\u00e9sident de droit de la M\u00e9tropole Aix Marseille Provence, d\u00e9l\u00e9gu\u00e9 \u00e0 l\u2019eau, \u00e0 l\u2019Assainissement, au Pluvial et Maire de G\u00e9menos, de plusieurs \u00e9lus de la M\u00e9tropole et repr\u00e9sentants de l\u2019agence de l\u2019Eau Rh\u00f4ne M\u00e9diterran\u00e9e Corse, et de Laure-Agn\u00e8s Caradec, Pr\u00e9sidente d\u2019Eurom\u00e9diterran\u00e9e.<\/p>\n<p style=\"font-weight: 400\">Avec cette r\u00e9alisation, NGE illustre la force de son organisation Multim\u00e9tiers qui a permis de r\u00e9unir au sein d\u2019un m\u00eame groupement sept filiales du Groupe : NGE GC (mandataire) pour le g\u00e9nie civil, Guintoli pour le terrassement, EHTP pour les r\u00e9seaux, NGE Fondations pour les sout\u00e8nements et parois moul\u00e9es, SOC pour les \u00e9quipements, SADE STS pour le microtunnelier et Agilis pour la signalisation provisoire ainsi que Romag et Valentin TP.<\/p>\n<p style=\"font-weight: 400\">Ayant pour objectif de stocker les surplus d\u2019eaux en p\u00e9riode pluvieuse afin de pallier la saturation des r\u00e9seaux et \u00e9viter les rejets en mer de fa\u00e7on directe, cet ouvrage s\u2019inscrit en parall\u00e8le dans le programme global de cr\u00e9ation de bassins de r\u00e9tention lanc\u00e9 par la M\u00e9tropole Aix-Marseille-Provence.<\/p>\n<p style=\"font-weight: 400\">Le bassin adopte une forme trilob\u00e9e \u2013 trois cylindres de 20 m\u00e8tres de diam\u00e8tre et jusqu\u2019\u00e0 25 m\u00e8tres de profondeur \u2013 optimisant ainsi l\u2019occupation de l\u2019espace. \u00c0 cet ouvrage principal s\u2019ajoutent un local technique enterr\u00e9, une prise d\u2019eau, un canal de surverse (1,75 m x 3,5 m sur 120 m de long), et un nouvel embranchement de 350 m\u00e8tres.<\/p>\n<p style=\"font-weight: 400\">En termes d\u2019impact environnemental, le projet va au-del\u00e0 d\u2019une solution d\u2019am\u00e9lioration de gestion des eaux, en mettant en avant l\u2019\u00e9conomie circulaire par le biais du stockage de 20 000 m\u00b3 de terres excav\u00e9es, stock\u00e9s dans le but d\u2019un r\u00e9emploi futur sur le projet global de r\u00e9am\u00e9nagement du quartier.<\/p>\n<p style=\"font-weight: 400\"><strong>Photo NGE GEZE.<\/strong><\/p>\n","protected":false},"excerpt":{"rendered":"Construit par NGE, le bassin de r\u00e9tention du capitaine G\u00e8ze \u00e0 Marseille est inaugur\u00e9 Une r\u00e9f\u00e9rence majeure en&hellip;\n","protected":false},"author":2,"featured_media":332995,"comment_status":"","ping_status":"","sticky":false,"template":"","format":"standard","meta":{"footnotes":""},"categories":[2814],"tags":[1111,11,1777,674,1011,27,884,12,882,25],"class_list":{"0":"post-332994","1":"post","2":"type-post","3":"status-publish","4":"format-standard","5":"has-post-thumbnail","7":"category-marseille","8":"tag-actu","9":"tag-actualites","10":"tag-eu","11":"tag-europe","12":"tag-fr","13":"tag-france","14":"tag-marseille","15":"tag-news","16":"tag-provence-alpes-cote-dazur","17":"tag-republique-francaise"},"share_on_mastodon":{"url":"https:\/\/pubeurope.com\/@fr\/115064568814078225","error":""},"_links":{"self":[{"href":"https:\/\/www.europesays.com\/fr\/wp-json\/wp\/v2\/posts\/332994","targetHints":{"allow":["GET"]}}],"collection":[{"href":"https:\/\/www.europesays.com\/fr\/wp-json\/wp\/v2\/posts"}],"about":[{"href":"https:\/\/www.europesays.com\/fr\/wp-json\/wp\/v2\/types\/post"}],"author":[{"embeddable":true,"href":"https:\/\/www.europesays.com\/fr\/wp-json\/wp\/v2\/users\/2"}],"replies":[{"embeddable":true,"href":"https:\/\/www.europesays.com\/fr\/wp-json\/wp\/v2\/comments?post=332994"}],"version-history":[{"count":0,"href":"https:\/\/www.europesays.com\/fr\/wp-json\/wp\/v2\/posts\/332994\/revisions"}],"wp:featuredmedia":[{"embeddable":true,"href":"https:\/\/www.europesays.com\/fr\/wp-json\/wp\/v2\/media\/332995"}],"wp:attachment":[{"href":"https:\/\/www.europesays.com\/fr\/wp-json\/wp\/v2\/media?parent=332994"}],"wp:term":[{"taxonomy":"category","embeddable":true,"href":"https:\/\/www.europesays.com\/fr\/wp-json\/wp\/v2\/categories?post=332994"},{"taxonomy":"post_tag","embeddable":true,"href":"https:\/\/www.europesays.com\/fr\/wp-json\/wp\/v2\/tags?post=332994"}],"curies":[{"name":"wp","href":"https:\/\/api.w.org\/{rel}","templated":true}]}}