{"id":332998,"date":"2025-08-21T03:13:18","date_gmt":"2025-08-21T03:13:18","guid":{"rendered":"https:\/\/www.europesays.com\/fr\/332998\/"},"modified":"2025-08-21T03:13:18","modified_gmt":"2025-08-21T03:13:18","slug":"lyon-ibrahim-jeune-fan-de-lol-connu-emporte-par-une-terrible-maladie-a-lage-de-7-ans","status":"publish","type":"post","link":"https:\/\/www.europesays.com\/fr\/332998\/","title":{"rendered":"Lyon. Ibrahim, jeune fan de l&rsquo;OL connu, emport\u00e9 par une terrible maladie \u00e0 l&rsquo;\u00e2ge de 7 ans"},"content":{"rendered":"<p>            Par<br \/>\n        <strong><br \/>\n            <a href=\"https:\/\/actu.fr\/auteur\/emma-ressegaire\" title=\"Consulter tous les articles de Emma Ressegaire\" target=\"_blank\" rel=\"noopener\">Emma Ressegaire<\/a><br \/>\n        <\/strong><\/p>\n<p>        Publi\u00e9 le<\/p>\n<p>            20 ao\u00fbt 2025 \u00e0 15h00<br \/>\n        ; mis \u00e0 jour le 20 ao\u00fbt 2025 \u00e0 16h21    <\/p>\n<p>C\u2019est une bien triste nouvelle.\u00a0<\/p>\n<p class=\" wall-content\">Ibrahim, jeune enfant \u00e2g\u00e9 de 7 ans, est d\u00e9c\u00e9d\u00e9 cette nuit apr\u00e8s <strong>une bataille exemplaire contre la maladie<\/strong>. \u00ab\u00a020 ao\u00fbt 2025 \u00e0 3h49, dans mes bras, tu t\u2019en es all\u00e9. Ce n\u2019est qu\u2019un au revoir mon fils. C\u2019est qu\u2019une histoire de temps pour que je te rejoigne. Je t\u2019aime\u00a0\u00bb, a \u00e9crit sa maman sur son compte Instagram.<\/p>\n<p class=\" wall-content\">Depuis de longs mois, le jeune gar\u00e7on se battait contre un neuroblastome, <strong>une forme rare de cancer p\u00e9diatrique<\/strong>. Il s\u2019agit d\u2019une tumeur maligne solide extra-cr\u00e2nienne la plus fr\u00e9quente du jeune enfant.\u00a0<\/p>\n<p>Supporter de l\u2019Olympique Lyonnais<\/p>\n<p class=\" wall-content\">L\u2019histoire d\u2019Ibrahim a notamment \u00e9mu le monde du ballon rond.<\/p>\n<p class=\" wall-content\">Le jeune gar\u00e7on \u00e9tait un grand <strong>passionn\u00e9 de football<\/strong> et plus particuli\u00e8rement de l\u2019Olympique Lyonnais. Il a pu notamment <strong>\u00e9changer quelques passes avec Selma Bacha<\/strong>, joueuse du club rhodanien, qui a d\u2019ailleurs tenu \u00e0 lui rendre hommage : \u00ab\u00a0Mon pote \u00e0 vie, un champion grav\u00e9 dans mon c\u0153ur, je ne t\u2019oublierai jamais.\u00a0\u00bb<\/p>\n<p class=\" wall-content\">\u00c0 l\u2019h\u00f4pital, il avait pu rencontrer <strong>des joueurs pass\u00e9s par Lyon<\/strong> comme Amine Gouiri, Hamza Rafia et Far\u00e8s Chaibi mais \u00e9galement s\u2019entretenir par t\u00e9l\u00e9phone avec d\u2019autres joueurs de foot.<\/p>\n<p class=\" wall-content\">L\u2019ex-star de l\u2019OL, d\u00e9sormais \u00e0 Manchester City, <strong>Rayan Cherki<\/strong> lui avait m\u00eame envoy\u00e9 un message de soutien en vid\u00e9o.<\/p>\n<p>Votre r\u00e9gion, votre actu !<\/p>\n<p>Recevez chaque jour les infos qui comptent pour vous.<\/p>\n<p>\t<a href=\"https:\/\/actu.fr\/newsletter\" class=\"ac-btn ac-btn--corner ac-btn--medium ac-btn--blue800\" target=\"_blank\" rel=\"noopener\">S&rsquo;incrire<\/a><br \/>\nGeorges Mikautadze r\u00e9agit \u00e0 son d\u00e9c\u00e8s<\/p>\n<p class=\" wall-content\">Georges Mikautadze, actuel attaquant des gones, a r\u00e9agi au d\u00e9c\u00e8s du jeune supporter. Non sans \u00e9motion, le buteur lyonnais a \u00e9crit un joli message sur X.<\/p>\n<blockquote class=\"ac-article-quote wall-content\">\n<p>Le c\u0153ur bris\u00e9 d\u2019apprendre que notre petit guerrier Ibrahim nous a quitt\u00e9s. Tu t\u2019es battu avec une force et un courage qui forcent le respect. Tu resteras pour toujours un exemple, un champion dans nos c\u0153urs. Toutes mes pri\u00e8res et mon amour vont \u00e0 ta famille en ce moment si douloureux.<br \/>\nRepose en paix petit ange.<\/p>\n<p>    <strong>Georges Mikautadze<\/strong>\n            <\/p><\/blockquote>\n<p class=\" wall-content\">\n<p class=\" wall-content\"><a href=\"https:\/\/www.instagram.com\/p\/DJ7VdN0IvAk\/embed\" title=\"Ouvrir le lien sur Instagram\" target=\"_blank\" rel=\"noopener\">Visualiser le contenu sur Instagram<\/a><\/p>\n<p>Un champion dans la vie et sur le tatami<\/p>\n<p class=\" wall-content\">Ibrahim pratiquait le kung-fu, discipline sportive dont il \u00e9tait fan.<\/p>\n<p class=\" wall-content\">En d\u00e9cembre dernier, il avait re\u00e7u le troph\u00e9e du meilleur combattant espoir et champion toutes cat\u00e9gories lors de la soir\u00e9e des champions et des championnes organis\u00e9e par l\u2019office des sports et la Mairie du 7\u1d49 arrondissement de Lyon.<\/p>\n<p class=\" wall-content\">Personnalisez votre actualit\u00e9 en ajoutant vos villes et m\u00e9dias en favori avec <a href=\"https:\/\/moncompte.actu.fr\" title=\"D\u00e9couvez Mon Actu\" rel=\"nofollow noopener\" data-trk=\"{&quot;cta&quot;:{&quot;action&quot;:&quot;https:\\\/\\\/moncompte.actu.fr&quot;,&quot;category&quot;:&quot;mon compte&quot;,&quot;from&quot;:&quot;article footer&quot;,&quot;name&quot;:&quot;Mon actu&quot;,&quot;type&quot;:&quot;cta&quot;}}\" target=\"_blank\">Mon Actu<\/a>.<\/p>\n<p>                    <script async src=\"\/\/www.instagram.com\/embed.js\"><\/script><\/p>\n","protected":false},"excerpt":{"rendered":"Par Emma Ressegaire Publi\u00e9 le 20 ao\u00fbt 2025 \u00e0 15h00 ; mis \u00e0 jour le 20 ao\u00fbt 2025&hellip;\n","protected":false},"author":2,"featured_media":332999,"comment_status":"","ping_status":"","sticky":false,"template":"","format":"standard","meta":{"footnotes":""},"categories":[1889],"tags":[1111,11,2430,101,1777,674,1011,27,2428,12,2853,25,104],"class_list":{"0":"post-332998","1":"post","2":"type-post","3":"status-publish","4":"format-standard","5":"has-post-thumbnail","7":"category-lyon","8":"tag-actu","9":"tag-actualites","10":"tag-auvergne-rhone-alpes","11":"tag-cancer","12":"tag-eu","13":"tag-europe","14":"tag-fr","15":"tag-france","16":"tag-lyon","17":"tag-news","18":"tag-olympique-lyonnais-ol","19":"tag-republique-francaise","20":"tag-societe"},"share_on_mastodon":{"url":"https:\/\/pubeurope.com\/@fr\/115064576561390341","error":""},"_links":{"self":[{"href":"https:\/\/www.europesays.com\/fr\/wp-json\/wp\/v2\/posts\/332998","targetHints":{"allow":["GET"]}}],"collection":[{"href":"https:\/\/www.europesays.com\/fr\/wp-json\/wp\/v2\/posts"}],"about":[{"href":"https:\/\/www.europesays.com\/fr\/wp-json\/wp\/v2\/types\/post"}],"author":[{"embeddable":true,"href":"https:\/\/www.europesays.com\/fr\/wp-json\/wp\/v2\/users\/2"}],"replies":[{"embeddable":true,"href":"https:\/\/www.europesays.com\/fr\/wp-json\/wp\/v2\/comments?post=332998"}],"version-history":[{"count":0,"href":"https:\/\/www.europesays.com\/fr\/wp-json\/wp\/v2\/posts\/332998\/revisions"}],"wp:featuredmedia":[{"embeddable":true,"href":"https:\/\/www.europesays.com\/fr\/wp-json\/wp\/v2\/media\/332999"}],"wp:attachment":[{"href":"https:\/\/www.europesays.com\/fr\/wp-json\/wp\/v2\/media?parent=332998"}],"wp:term":[{"taxonomy":"category","embeddable":true,"href":"https:\/\/www.europesays.com\/fr\/wp-json\/wp\/v2\/categories?post=332998"},{"taxonomy":"post_tag","embeddable":true,"href":"https:\/\/www.europesays.com\/fr\/wp-json\/wp\/v2\/tags?post=332998"}],"curies":[{"name":"wp","href":"https:\/\/api.w.org\/{rel}","templated":true}]}}