{"id":333000,"date":"2025-08-21T03:16:10","date_gmt":"2025-08-21T03:16:10","guid":{"rendered":"https:\/\/www.europesays.com\/fr\/333000\/"},"modified":"2025-08-21T03:16:10","modified_gmt":"2025-08-21T03:16:10","slug":"lhopital-de-montreuil-sort-du-silence-et-sadresse-aux-familles","status":"publish","type":"post","link":"https:\/\/www.europesays.com\/fr\/333000\/","title":{"rendered":"l&rsquo;h\u00f4pital de Montreuil sort du silence et s&rsquo;adresse aux familles"},"content":{"rendered":"<p>            Par<br \/>\n        <strong><br \/>\n            <a href=\"https:\/\/actu.fr\/auteur\/redaction-paris\" title=\"Consulter tous les articles de R\u00e9daction Paris\" rel=\"nofollow noopener\" target=\"_blank\">R\u00e9daction Paris<\/a><br \/>\n        <\/strong><\/p>\n<p>        Publi\u00e9 le<\/p>\n<p>            20 ao\u00fbt 2025 \u00e0 21h36        <\/p>\n<p>\u00ab\u2009Une cellule d\u2019\u00e9coute a \u00e9t\u00e9 mise en place depuis le 5\u00a0ao\u00fbt et r\u00e9pond \u00e0 toutes les sollicitations des familles.\u2009\u00bb Ce mercredi 20\u00a0ao\u00fbt 2025, la direction du groupement hospitalier de territoire Grand Paris Nord Est (<a href=\"https:\/\/www.ght-gpne.fr\/actualites\/\" rel=\"nofollow noopener\" target=\"_blank\">GHT GPNE<\/a>) a assur\u00e9 \u00ab\u2009partager l\u2019\u00e9motion des familles\u2009\u00bb apr\u00e8s les \u00ab\u2009faits <a href=\"https:\/\/actu.fr\/ile-de-france\/montreuil_93048\/rumeurs-d-agressions-sexuelles-sur-des-bebes-a-l-hopital-de-montreuil-les-nouveaux-elements_62990754.html\" rel=\"nofollow noopener\" target=\"_blank\">d\u2019agressions sexuelles<\/a> exceptionnellement graves\u2009\u00bb commis sur des b\u00e9b\u00e9s \u00e0 l\u2019h\u00f4pital Andr\u00e9-Gr\u00e9groire de <a href=\"https:\/\/actu.fr\/ile-de-france\/montreuil_93048\" rel=\"nofollow noopener\" target=\"_blank\">Montreuil<\/a> entre d\u00e9cembre\u00a02024 et janvier\u00a02025.<br \/>Un communiqu\u00e9 cens\u00e9 apaiser les parents qui se sont <a href=\"https:\/\/actu.fr\/ile-de-france\/montreuil_93048\/bebes-agresses-sexuellement-a-l-hopital-de-montreuil-les-familles-des-victimes-s-organisent_63054822.html\" rel=\"nofollow noopener\" target=\"_blank\">plaints du silence de l\u2019\u00e9tablissement<\/a> ou d\u2019un accompagnement jug\u00e9 tr\u00e8s insuffisant, notamment dans les colonnes du Parisien.<\/p>\n<p>Deux mamans ont identifi\u00e9 leur enfant sur les vid\u00e9os<\/p>\n<p class=\" wall-content\">\u00ab\u2009Onze\u2009\u00bb familles ont \u00e9t\u00e9 re\u00e7ues par la direction, qui ajoute qu\u2019un \u00ab\u2009rendez-vous a \u00e9t\u00e9 propos\u00e9 \u00e0 [chacune de celles] potentiellement concern\u00e9es par les faits, sur la base des \u00e9l\u00e9ments transmis par le parquet\u2009\u00bb. De nombreuses familles redoutent que leurs enfants aient \u00e9t\u00e9 en contact avec l\u2019infirmi\u00e8re soup\u00e7onn\u00e9e d\u2019avoir commis des agressions sexuelles film\u00e9es sur au moins deux b\u00e9b\u00e9s, au sein du service de n\u00e9onatalit\u00e9 de l\u2019h\u00f4pital Andr\u00e9 Gr\u00e9goire.<\/p>\n<p class=\" wall-content\">Au moins six familles demandent \u00e0 \u00eatre partie civile dans ce dossier, a affirm\u00e9 l\u2019un de leurs trois avocats \u00e0 actu Paris, ce que n\u2019a pas confirm\u00e9 le parquet de Bobigny. Le repr\u00e9sentant du minist\u00e8re public nous pr\u00e9cisait dans la soir\u00e9e \u00eatre saisi actuellement du cas de trois victimes, mais ni lui ni les services de police n\u2019ont en l\u2019\u00e9tat re\u00e7u aucune autre plainte faisant appara\u00eetre de nouvelles victimes. Il n\u2019avait pas non plus connaissance de constitutions de partie civile de la part des familles. Jusqu\u2019\u00e0 pr\u00e9sent, deux mamans ont identifi\u00e9 leur enfant sur les vid\u00e9os \u00e0 la disposition des autorit\u00e9s.<\/p>\n<p>Une \u00ab\u00a0d\u00e9tresse absolue\u00a0\u00bb<\/p>\n<p class=\" wall-content\">\u00ab\u2009Nos clients sont dans une d\u00e9tresse absolue face \u00e0 l\u2019horreur des faits et se sentent compl\u00e8tement abandonn\u00e9s par l\u2019h\u00f4pital, a assur\u00e9 \u00e0 l\u2019AFP Me Besma Maghrebi Mansouri. Ils ne comprennent pas non plus que les mis en cause n\u2019aient pas \u00e9t\u00e9 plac\u00e9s en d\u00e9tention provisoire.\u2009\u00bb<\/p>\n<p class=\" wall-content\">L\u2019infirmi\u00e8re Juliette S., 25 ans, s\u2019est elle-m\u00eame rendue le 30 juillet au commissariat pour se d\u00e9noncer en r\u00e9ponse \u00e0 des mises en cause sur les r\u00e9seaux. Elle est soup\u00e7onn\u00e9e d\u2019avoir agress\u00e9 sexuellement au moins deux b\u00e9b\u00e9s \u2013 un noir et un blanc \u2013 sous l\u2019emprise de son amant au moment des faits. Redouane E., aujourd\u2019hui \u00e2g\u00e9 de 28 ans, aurait avou\u00e9 \u00ab\u2009fantasmer sur des enfants\u2009\u00bb. Il a \u00e9t\u00e9 interpell\u00e9 le 30 juillet chez lui et son mat\u00e9riel informatique saisi. Tous deux ont \u00e9t\u00e9 <a href=\"https:\/\/actu.fr\/ile-de-france\/montreuil_93048\/agressions-sexuelles-sur-des-bebes-a-montreuil-mise-en-examen-manifestation-les-nouveaux-developpements_62992596.html\" rel=\"nofollow noopener\" target=\"_blank\">mis en examen le 2 ao\u00fbt<\/a>.<\/p>\n<p class=\" wall-content\">Le parquet de Bobigny avait demand\u00e9 leur placement en d\u00e9tention provisoire. Mais ils ont \u00e9t\u00e9 <a href=\"https:\/\/actu.fr\/ile-de-france\/montreuil_93048\/bebes-agresses-a-l-hopital-de-montreuil-le-parquet-fait-appel-sur-le-controle-judiciaire-des-suspect_63006136.html\" rel=\"nofollow noopener\" target=\"_blank\">maintenus sous contr\u00f4le judiciaire<\/a> par la chambre de l\u2019instruction, \u00e0 Paris, \u00e0 l\u2019issue d\u2019une audience le 14\u00a0ao\u00fbt.<\/p>\n<p class=\" wall-content\">Le dossier fait \u00e9tat de deux vid\u00e9os envoy\u00e9es entre d\u00e9cembre\u00a02024 et janvier\u00a02025. Sur l\u2019une, l\u2019infirmi\u00e8re met deux doigts dans la bouche d\u2019un enfant\u2009; sur l\u2019autre, elle touche le sexe d\u2019un enfant, sous forme de caresses et d\u2019un pincement, avait-il \u00e9t\u00e9 pr\u00e9cis\u00e9 \u00e0 l\u2019audience.<\/p>\n<p class=\" wall-content\">avec AFP<\/p>\n<p class=\" wall-content\">Personnalisez votre actualit\u00e9 en ajoutant vos villes et m\u00e9dias en favori avec <a href=\"https:\/\/moncompte.actu.fr\" title=\"D\u00e9couvez Mon Actu\" rel=\"nofollow noopener\" data-trk=\"{&quot;cta&quot;:{&quot;action&quot;:&quot;https:\\\/\\\/moncompte.actu.fr&quot;,&quot;category&quot;:&quot;mon compte&quot;,&quot;from&quot;:&quot;article footer&quot;,&quot;name&quot;:&quot;Mon actu&quot;,&quot;type&quot;:&quot;cta&quot;}}\" target=\"_blank\">Mon Actu<\/a>.<\/p>\n","protected":false},"excerpt":{"rendered":"Par R\u00e9daction Paris Publi\u00e9 le 20 ao\u00fbt 2025 \u00e0 21h36 \u00ab\u2009Une cellule d\u2019\u00e9coute a \u00e9t\u00e9 mise en place&hellip;\n","protected":false},"author":2,"featured_media":333001,"comment_status":"","ping_status":"","sticky":false,"template":"","format":"standard","meta":{"footnotes":""},"categories":[1888],"tags":[1111,1928,11,1927,1719,1777,674,118,1011,27,100,12,1926,626,1925,25,799],"class_list":{"0":"post-333000","1":"post","2":"type-post","3":"status-publish","4":"format-standard","5":"has-post-thumbnail","7":"category-paris","8":"tag-actu","9":"tag-actu-paris","10":"tag-actualites","11":"tag-actualites-paris","12":"tag-enfants","13":"tag-eu","14":"tag-europe","15":"tag-faits-divers","16":"tag-fr","17":"tag-france","18":"tag-hopital","19":"tag-news","20":"tag-news-paris","21":"tag-paris","22":"tag-paris-news","23":"tag-republique-francaise","24":"tag-violences-sexuelles"},"share_on_mastodon":{"url":"https:\/\/pubeurope.com\/@fr\/115064588563310230","error":""},"_links":{"self":[{"href":"https:\/\/www.europesays.com\/fr\/wp-json\/wp\/v2\/posts\/333000","targetHints":{"allow":["GET"]}}],"collection":[{"href":"https:\/\/www.europesays.com\/fr\/wp-json\/wp\/v2\/posts"}],"about":[{"href":"https:\/\/www.europesays.com\/fr\/wp-json\/wp\/v2\/types\/post"}],"author":[{"embeddable":true,"href":"https:\/\/www.europesays.com\/fr\/wp-json\/wp\/v2\/users\/2"}],"replies":[{"embeddable":true,"href":"https:\/\/www.europesays.com\/fr\/wp-json\/wp\/v2\/comments?post=333000"}],"version-history":[{"count":0,"href":"https:\/\/www.europesays.com\/fr\/wp-json\/wp\/v2\/posts\/333000\/revisions"}],"wp:featuredmedia":[{"embeddable":true,"href":"https:\/\/www.europesays.com\/fr\/wp-json\/wp\/v2\/media\/333001"}],"wp:attachment":[{"href":"https:\/\/www.europesays.com\/fr\/wp-json\/wp\/v2\/media?parent=333000"}],"wp:term":[{"taxonomy":"category","embeddable":true,"href":"https:\/\/www.europesays.com\/fr\/wp-json\/wp\/v2\/categories?post=333000"},{"taxonomy":"post_tag","embeddable":true,"href":"https:\/\/www.europesays.com\/fr\/wp-json\/wp\/v2\/tags?post=333000"}],"curies":[{"name":"wp","href":"https:\/\/api.w.org\/{rel}","templated":true}]}}