{"id":333004,"date":"2025-08-21T03:18:18","date_gmt":"2025-08-21T03:18:18","guid":{"rendered":"https:\/\/www.europesays.com\/fr\/333004\/"},"modified":"2025-08-21T03:18:18","modified_gmt":"2025-08-21T03:18:18","slug":"coups-stylos-dans-les-oreilles-une-enquete-ouverte-sur-des-soupcons-de-violences-policieres-contre-deux-afghans-a-paris","status":"publish","type":"post","link":"https:\/\/www.europesays.com\/fr\/333004\/","title":{"rendered":"\u00ab\u00a0Coups \u00bb, \u00ab stylos dans les oreilles \u00bb&#8230; une enqu\u00eate ouverte sur des soup\u00e7ons de violences polici\u00e8res contre deux Afghans \u00e0 Paris"},"content":{"rendered":"<p class=\"paragraph text_align_left lp-f-body-02\">Des <a href=\"https:\/\/www.leparisien.fr\/faits-divers\/si-tu-parles-je-te-tape-ligpn-ouvre-une-enquete-sur-de-possibles-violences-policieres-lors-dun-controle-didentite-a-paris-13-06-2024-DCAVOKCMYNACZCLOY53B2AMCEA.php\" target=\"_blank\" rel=\"noreferrer nofollow noopener\">violences<\/a> ont-elles \u00e9t\u00e9 commises par des policiers dans un campement de fortune de la capitale ? C\u2019est ce que va d\u00e9terminer une enqu\u00eate ouverte par le <a href=\"https:\/\/www.leparisien.fr\/faits-divers\/immersion-a-la-section-p12-du-parquet-de-paris-le-coeur-de-la-justice-penale-durgence-11-01-2025-T2I7YGUXCBA6TJMCNUD43D3S2Y.php\" target=\"_blank\" rel=\"noreferrer nofollow noopener\">parquet de Paris<\/a>, sur des soup\u00e7ons de violences polici\u00e8res contre deux Afghans interpell\u00e9s le 4 ao\u00fbt dernier, a indiqu\u00e9 ce mercredi 20 ao\u00fbt l\u2019avocat des plaignants.<\/p>\n<p class=\"paragraph text_align_left lp-f-body-02\">L\u2019enqu\u00eate visant des officiers de police, confi\u00e9e \u00e0 l\u2019<a href=\"https:\/\/www.leparisien.fr\/faits-divers\/igpn-le-procureur-de-creteil-stephane-hardouin-nomme-a-la-tete-de-la-police-des-polices-19-02-2025-LG2GD3XUCRFIFBU433CLXPOYFQ.php\" target=\"_blank\" rel=\"noreferrer nofollow noopener\">IGPN<\/a> (Inspection g\u00e9n\u00e9rale de la police nationale), a \u00e9t\u00e9 ouverte pour \u00ab violences avec arme, destruction et d\u00e9gradation de biens, et injures publiques en raison de l\u2019origine \u00bb, a d\u00e9taill\u00e9 <a href=\"https:\/\/www.mediapart.fr\/journal\/une\/190825#:~:text=Deux%20jeunes%20Afghans%20racontent%20les%20s%C3%A9vices%20subis%20dans%20un%20commissariat%20parisien&amp;text=Plac%C3%A9s%20en%20d%C3%A9tention%20apr%C3%A8s%20l,par%20des%20officiers%20de%20police.\" target=\"_blank\" rel=\"noreferrer nofollow noopener\">Mediapart<\/a>.<\/p>\n<p class=\"paragraph text_align_left lp-f-body-02\">Sollicit\u00e9s par l\u2019AFP, ni le parquet de Paris ni l\u2019IGPN n\u2019ont donn\u00e9 suite.<\/p>\n<p>Des \u00ab stylos enfonc\u00e9s dans les oreilles \u00bb ?<\/p>\n<p class=\"paragraph text_align_left lp-f-body-02\">L\u2019un des Afghans interpell\u00e9s, \u00e2g\u00e9 de 31 ans, est \u00ab r\u00e9fugi\u00e9 politique \u00bb et l\u2019autre, 20 ans, est \u00ab en proc\u00e9dure d\u2019asile acc\u00e9l\u00e9r\u00e9e \u00bb, a assur\u00e9 aupr\u00e8s de l\u2019AFP leur conseil, Me Florian Bertaux. L\u2019avocat dit que ses clients ont \u00e9t\u00e9 auditionn\u00e9s par l\u2019IGPN mi-ao\u00fbt. Il explique que les deux Afghans ont \u00e9t\u00e9 interpell\u00e9s dans un camp de fortune du quartier <a href=\"https:\/\/www.leparisien.fr\/paris-75\/on-les-offre-aux-yeux-du-monde-a-paris-les-statues-des-femmes-illustres-deja-adoptees-porte-de-la-chapelle-23-07-2025-S57A4S23AZAHRCSEUCYPLDGJTQ.php\" target=\"_blank\" rel=\"noreferrer nofollow noopener\">La Chapelle<\/a> (XVIIIe), puis conduit dans un commissariat de cet arrondissement parisien.<\/p>\n<p class=\"paragraph text_align_left lp-f-body-02\">Selon l\u2019avocat, au commissariat, des \u00ab coups de pied, poings \u00bb ont \u00e9t\u00e9 ass\u00e9n\u00e9s par des policiers, ainsi que \u00ab des coups port\u00e9s avec des poubelles \u00bb pos\u00e9es \u00ab sur la t\u00eate \u00bb des Afghans. Des \u00ab stylos \u00bb ont aussi \u00e9t\u00e9 \u00ab enfonc\u00e9s dans les oreilles \u00bb des deux interpell\u00e9s, a-t-il affirm\u00e9.<\/p>\n<p class=\"paragraph text_align_left lp-f-body-02\">Les policiers, selon l\u2019avocat des plaignants, ont \u00ab demand\u00e9 \u00e0 l\u2019un, avec une serpilli\u00e8re, d\u2019\u00e9ponger le sang \u00bb, puis ont \u00ab frott\u00e9 la serpilli\u00e8re sur l\u2019un d\u2019eux \u00bb et voulu \u00ab mettre la serpilli\u00e8re dans la bouche de l\u2019autre, plein de sang \u00bb. Me Bertaux a aussi fait \u00e9tat de \u00ab coups de ceinture dans la salle de fouilles \u00bb. \u00ab C\u2019est d\u00e9j\u00e0 une liste beaucoup trop longue \u00bb, a-t-il comment\u00e9.<\/p>\n<p class=\"paragraph text_align_left lp-f-body-02\">\u00ab Pourquoi ce sont mes deux clients qui sont interpell\u00e9s, un qui est porte-parole du camp, et un autre qui filme souvent les interventions des policiers mais est bras crois\u00e9s ce jour-l\u00e0 ? \u00bb s\u2019interroge Me Bertaux, renvoyant \u00e0 une vid\u00e9o de l\u2019interpellation mise en ligne sur le site de Mediapart.<\/p>\n<p>Trois personnes interpell\u00e9es<\/p>\n<p class=\"paragraph text_align_left lp-f-body-02\">La pr\u00e9fecture de police a pr\u00e9cis\u00e9 \u00e0 l\u2019AFP que les forces de l\u2019ordre \u00e9taient intervenues le 4 ao\u00fbt pour s\u00e9curiser les lieux \u00e0 la demande des services propret\u00e9 de la <a href=\"https:\/\/www.leparisien.fr\/paris-75\/\" target=\"_blank\" rel=\"noreferrer nofollow noopener\">ville de Paris<\/a>.<\/p>\n<p class=\"paragraph text_align_left lp-f-body-02\">\u00ab Trois individus se sont oppos\u00e9s \u00e0 cette action en s\u2019en prenant violemment aux forces de l\u2019ordre \u00bb et ont donc \u00ab \u00e9t\u00e9 interpell\u00e9s pour outrage et r\u00e9bellion avant d\u2019\u00eatre conduits dans un commissariat \u00bb, a-t-elle indiqu\u00e9.<\/p>\n<p class=\"paragraph text_align_left lp-f-body-02\">Les deux clients de Me Bertaux ont \u00e9t\u00e9 rel\u00e2ch\u00e9s. Le plus \u00e2g\u00e9 est convoqu\u00e9 au tribunal correctionnel de Paris le 3 f\u00e9vrier pour outrage et r\u00e9bellion ayant entra\u00een\u00e9 une interruption temporaire de travail (ITT) de huit jours sur une polici\u00e8re, ce qu\u2019il conteste, selon son avocat.<\/p>\n","protected":false},"excerpt":{"rendered":"Des violences ont-elles \u00e9t\u00e9 commises par des policiers dans un campement de fortune de la capitale ? C\u2019est&hellip;\n","protected":false},"author":2,"featured_media":333005,"comment_status":"","ping_status":"","sticky":false,"template":"","format":"standard","meta":{"footnotes":""},"categories":[1888],"tags":[11,1777,674,118,1011,27,1944,12,626,25],"class_list":{"0":"post-333004","1":"post","2":"type-post","3":"status-publish","4":"format-standard","5":"has-post-thumbnail","7":"category-paris","8":"tag-actualites","9":"tag-eu","10":"tag-europe","11":"tag-faits-divers","12":"tag-fr","13":"tag-france","14":"tag-ma-ville","15":"tag-news","16":"tag-paris","17":"tag-republique-francaise"},"share_on_mastodon":{"url":"https:\/\/pubeurope.com\/@fr\/115064596317868443","error":""},"_links":{"self":[{"href":"https:\/\/www.europesays.com\/fr\/wp-json\/wp\/v2\/posts\/333004","targetHints":{"allow":["GET"]}}],"collection":[{"href":"https:\/\/www.europesays.com\/fr\/wp-json\/wp\/v2\/posts"}],"about":[{"href":"https:\/\/www.europesays.com\/fr\/wp-json\/wp\/v2\/types\/post"}],"author":[{"embeddable":true,"href":"https:\/\/www.europesays.com\/fr\/wp-json\/wp\/v2\/users\/2"}],"replies":[{"embeddable":true,"href":"https:\/\/www.europesays.com\/fr\/wp-json\/wp\/v2\/comments?post=333004"}],"version-history":[{"count":0,"href":"https:\/\/www.europesays.com\/fr\/wp-json\/wp\/v2\/posts\/333004\/revisions"}],"wp:featuredmedia":[{"embeddable":true,"href":"https:\/\/www.europesays.com\/fr\/wp-json\/wp\/v2\/media\/333005"}],"wp:attachment":[{"href":"https:\/\/www.europesays.com\/fr\/wp-json\/wp\/v2\/media?parent=333004"}],"wp:term":[{"taxonomy":"category","embeddable":true,"href":"https:\/\/www.europesays.com\/fr\/wp-json\/wp\/v2\/categories?post=333004"},{"taxonomy":"post_tag","embeddable":true,"href":"https:\/\/www.europesays.com\/fr\/wp-json\/wp\/v2\/tags?post=333004"}],"curies":[{"name":"wp","href":"https:\/\/api.w.org\/{rel}","templated":true}]}}