{"id":333006,"date":"2025-08-21T03:19:11","date_gmt":"2025-08-21T03:19:11","guid":{"rendered":"https:\/\/www.europesays.com\/fr\/333006\/"},"modified":"2025-08-21T03:19:11","modified_gmt":"2025-08-21T03:19:11","slug":"les-jo-2024-confortent-le-grand-paris-comme-stade-xxl","status":"publish","type":"post","link":"https:\/\/www.europesays.com\/fr\/333006\/","title":{"rendered":"Les JO 2024 confortent le Grand Paris comme stade XXL"},"content":{"rendered":"<p>                         <img loading=\"lazy\" decoding=\"async\" src=\"https:\/\/www.europesays.com\/fr\/wp-content\/uploads\/2025\/08\/300d406_upload-1-vlwgxesc3afz-000-364z64z.jpg\" alt=\"Dessin d\u2019un c\u0153ur cr\u00e9\u00e9 lors d\u2019une d\u00e9monstration a\u00e9rienne pendant la c\u00e9r\u00e9monie d\u2019ouverture des Jeux olympiques 2024, \u00e0 Paris, le 26\u00a0juillet 2024.\"   width=\"664\" height=\"443\"\/>    Dessin d\u2019un c\u0153ur cr\u00e9\u00e9 lors d\u2019une d\u00e9monstration a\u00e9rienne pendant la c\u00e9r\u00e9monie d\u2019ouverture des Jeux olympiques 2024, \u00e0 Paris, le 26\u00a0juillet 2024.  CLIVE BRUNSKILL\/AFP                 <\/p>\n<p class=\"article__paragraph  \">Pr\u00e9sents malgr\u00e9 la pluie. Mass\u00e9s sur les trottoirs de la rue Lepic, dans le nord de Paris, amoureux du v\u00e9lo, du Tour de France, de Montmartre ou simples amateurs de liesse populaire, sont venus nombreux pour voir passer <a href=\"https:\/\/www.lemonde.fr\/sport\/article\/2025\/07\/27\/un-an-apres-les-jeux-la-rue-lepic-redevient-le-temple-parisien-du-velo-pour-l-epilogue-du-tour-de-france_6624532_3242.html\" rel=\"nofollow noopener\" target=\"_blank\">les coureurs du Tour, dimanche 27\u00a0juillet, pour l\u2019ultime \u00e9tape de la Grande Boucle<\/a>. Entre 18\u00a0heures et 20\u00a0heures, ils \u00e9taient 135\u00a0000 dans les rues qui d\u00e9valent du Sacr\u00e9-C\u0153ur jusqu\u2019aux stations Blanche et Pigalle, pr\u00e9cisent m\u00eame, \u00e0 l\u2019Atelier parisien d\u2019urbanisme (APUR), le g\u00e9ographe Jacques L\u00e9vy et l\u2019ing\u00e9nieur Jean Coldefy, donn\u00e9es de t\u00e9l\u00e9phonie \u00e0 l\u2019appui. C\u2019est 75\u00a0000 de plus que l\u2019affluence ordinaire du quartier. Et quasiment autant que la foule qui s\u2019\u00e9tait agglutin\u00e9e (143\u00a0000 entre 16\u00a0heures et 18\u00a0heures) en\u00a02024 sur la m\u00eame butte, sous un soleil radieux, pour applaudir le peloton olympique.<\/p>\n<p>                                   Lire aussi |  Article r\u00e9serv\u00e9 \u00e0 nos abonn\u00e9s  <a href=\"https:\/\/www.lemonde.fr\/sport\/article\/2024\/08\/03\/pour-les-jo-2024-paris-renoue-avec-la-course-cycliste_6265608_3242.html\" class=\"js-article-read-also catcher--favoris__link\" data-premium=\"1\" id=\"article-title-3384587\" rel=\"nofollow noopener\" target=\"_blank\">Pour les JO 2024, Paris renoue avec la course cycliste<\/a>    <\/p>\n<p>   Lire plus tard  <\/p>\n<p class=\"article__paragraph  \">Plusieurs le\u00e7ons peuvent \u00eatre tir\u00e9es de ce comparatif. Non seulement Paris renoue avec les courses d\u2019antan, malgr\u00e9 le casse-t\u00eate que repr\u00e9sentent les pistes cyclables pour \u00e9laborer le trac\u00e9. Mais plus g\u00e9n\u00e9ralement, ce qui s\u2019est pass\u00e9 \u00e0 l\u2019\u00e9t\u00e9 2024, durant ces deux fois quinze jours de parenth\u00e8se olympique et paralympique, \u00e0 savoir l\u2019accueil de millions de spectateurs dans la rue, les stades, les transports, les h\u00f4tels, \u00e0 Montmartre, Saint-Denis (Seine-Saint-Denis) ou Vaires-sur-Marne (Seine-et-Marne), est largement reproductible.<\/p>\n<p class=\"reading-mode-only \"><strong>Il vous reste 87.66% de cet article \u00e0 lire. La suite est r\u00e9serv\u00e9e aux abonn\u00e9s.<\/strong><\/p>\n","protected":false},"excerpt":{"rendered":"Dessin d\u2019un c\u0153ur cr\u00e9\u00e9 lors d\u2019une d\u00e9monstration a\u00e9rienne pendant la c\u00e9r\u00e9monie d\u2019ouverture des Jeux olympiques 2024, \u00e0 Paris,&hellip;\n","protected":false},"author":2,"featured_media":333007,"comment_status":"","ping_status":"","sticky":false,"template":"","format":"standard","meta":{"footnotes":""},"categories":[1888],"tags":[11,1777,674,1011,27,12,626,25],"class_list":{"0":"post-333006","1":"post","2":"type-post","3":"status-publish","4":"format-standard","5":"has-post-thumbnail","7":"category-paris","8":"tag-actualites","9":"tag-eu","10":"tag-europe","11":"tag-fr","12":"tag-france","13":"tag-news","14":"tag-paris","15":"tag-republique-francaise"},"share_on_mastodon":{"url":"https:\/\/pubeurope.com\/@fr\/115064600282681284","error":""},"_links":{"self":[{"href":"https:\/\/www.europesays.com\/fr\/wp-json\/wp\/v2\/posts\/333006","targetHints":{"allow":["GET"]}}],"collection":[{"href":"https:\/\/www.europesays.com\/fr\/wp-json\/wp\/v2\/posts"}],"about":[{"href":"https:\/\/www.europesays.com\/fr\/wp-json\/wp\/v2\/types\/post"}],"author":[{"embeddable":true,"href":"https:\/\/www.europesays.com\/fr\/wp-json\/wp\/v2\/users\/2"}],"replies":[{"embeddable":true,"href":"https:\/\/www.europesays.com\/fr\/wp-json\/wp\/v2\/comments?post=333006"}],"version-history":[{"count":0,"href":"https:\/\/www.europesays.com\/fr\/wp-json\/wp\/v2\/posts\/333006\/revisions"}],"wp:featuredmedia":[{"embeddable":true,"href":"https:\/\/www.europesays.com\/fr\/wp-json\/wp\/v2\/media\/333007"}],"wp:attachment":[{"href":"https:\/\/www.europesays.com\/fr\/wp-json\/wp\/v2\/media?parent=333006"}],"wp:term":[{"taxonomy":"category","embeddable":true,"href":"https:\/\/www.europesays.com\/fr\/wp-json\/wp\/v2\/categories?post=333006"},{"taxonomy":"post_tag","embeddable":true,"href":"https:\/\/www.europesays.com\/fr\/wp-json\/wp\/v2\/tags?post=333006"}],"curies":[{"name":"wp","href":"https:\/\/api.w.org\/{rel}","templated":true}]}}