{"id":333008,"date":"2025-08-21T03:20:17","date_gmt":"2025-08-21T03:20:17","guid":{"rendered":"https:\/\/www.europesays.com\/fr\/333008\/"},"modified":"2025-08-21T03:20:17","modified_gmt":"2025-08-21T03:20:17","slug":"emprisonne-en-russie-le-francais-laurent-vinatier-vise-par-une-nouvelle-enquete-pour-espionnage","status":"publish","type":"post","link":"https:\/\/www.europesays.com\/fr\/333008\/","title":{"rendered":"Emprisonn\u00e9 en Russie, le Fran\u00e7ais Laurent Vinatier vis\u00e9 par une nouvelle enqu\u00eate pour espionnage"},"content":{"rendered":"<p class=\"article-p mdl\">Le chercheur fran\u00e7ais Laurent Vinatier, qui purge une peine de trois ans dans une prison russe, fait d\u00e9sormais l&rsquo;objet d&rsquo;une enqu\u00eate, selon des documents judiciaires rendus publics mercredi, laissant pr\u00e9sager <strong>une prolongation de sa peine<\/strong>.<\/p>\n<p class=\"article-p mdl\">Selon un document consult\u00e9 par l&rsquo;AFP, l&rsquo;homme a \u00e9t\u00e9 convoqu\u00e9 \u00e0 une nouvelle audience, cette fois pour espionnage, un chef d&rsquo;accusation passible d&rsquo;une peine <strong>pouvant aller jusqu&rsquo;\u00e0 20 ans de prison<\/strong>. \u00ab\u00a0Une audience a \u00e9t\u00e9 fix\u00e9e au 25 ao\u00fbt 2025 \u00e0 14h30\u00a0\u00bb, indique le document.<\/p>\n<p class=\"article-p mdl\"><a class=\"link\" href=\"https:\/\/www.rtl.fr\/actu\/international\/russie-ou-est-laurent-vinatier-le-francais-emprisonne-en-russie-depuis-presque-un-an-7900501064\" target=\"_blank\" rel=\"noopener\">Laurent Vinatier<\/a>, qui travaillait pour une ONG suisse de m\u00e9diation dans les conflits, fait partie d&rsquo;un groupe d&rsquo;Occidentaux arr\u00eat\u00e9s en Russie alors que les tensions diplomatiques s&rsquo;intensifiaient autour de l&rsquo;Ukraine. <strong>Paris a exig\u00e9 de Moscou la lib\u00e9ration de son ressortissant<\/strong>, accusant la Russie de prendre des Occidentaux en otage.<\/p>\n<p class=\"article-p mdl\">Il a \u00e9t\u00e9 reconnu coupable <strong>d&rsquo;avoir recueilli des informations sur l&rsquo;arm\u00e9e russe<\/strong> et d&rsquo;avoir enfreint la loi sur les \u00ab\u00a0agents \u00e9trangers\u00a0\u00bb, car il ne s&rsquo;\u00e9tait pas enregistr\u00e9 en tant que tel.<\/p>\n<p class=\"article-p mdl\">M. Vinatier, qui travaillait comme conseiller au Centre pour le dialogue humanitaire, bas\u00e9 \u00e0 Gen\u00e8ve, est un chercheur chevronn\u00e9 sur la Russie et d&rsquo;autres pays post-sovi\u00e9tiques. Il a d\u00e9clar\u00e9 devant le tribunal que dans son travail, il s&rsquo;\u00e9tait toujours efforc\u00e9 de \u00ab\u00a0pr\u00e9senter les int\u00e9r\u00eats de la Russie dans les relations internationales\u00a0\u00bb.<\/p>\n<p>    La r\u00e9daction vous recommande<\/p>\n<p class=\"s-newsletter__title\">\n                L\u2019actualit\u00e9 par la r\u00e9daction de RTL dans votre bo\u00eete mail.\n            <\/p>\n<p class=\"s-newsletter__subtitle\">\n                Gr\u00e2ce \u00e0 votre compte RTL abonnez-vous \u00e0 la newsletter RTL info pour suivre toute l&rsquo;actualit\u00e9 au quotidien\n            <\/p>\n<p>\n                                    Lire la suite\n                                <\/p>\n","protected":false},"excerpt":{"rendered":"Le chercheur fran\u00e7ais Laurent Vinatier, qui purge une peine de trois ans dans une prison russe, fait d\u00e9sormais&hellip;\n","protected":false},"author":2,"featured_media":333009,"comment_status":"","ping_status":"","sticky":false,"template":"","format":"standard","meta":{"footnotes":""},"categories":[1591],"tags":[11,7079,4777,1887,107,12,899,1885,1886,132],"class_list":{"0":"post-333008","1":"post","2":"type-post","3":"status-publish","4":"format-standard","5":"has-post-thumbnail","7":"category-russie","8":"tag-actualites","9":"tag-chercheurs","10":"tag-espionnage","11":"tag-federation-de-russie","12":"tag-fil-info","13":"tag-news","14":"tag-prisons","15":"tag-russia","16":"tag-russian-federation","17":"tag-russie"},"share_on_mastodon":{"url":"https:\/\/pubeurope.com\/@fr\/115064604241544887","error":""},"_links":{"self":[{"href":"https:\/\/www.europesays.com\/fr\/wp-json\/wp\/v2\/posts\/333008","targetHints":{"allow":["GET"]}}],"collection":[{"href":"https:\/\/www.europesays.com\/fr\/wp-json\/wp\/v2\/posts"}],"about":[{"href":"https:\/\/www.europesays.com\/fr\/wp-json\/wp\/v2\/types\/post"}],"author":[{"embeddable":true,"href":"https:\/\/www.europesays.com\/fr\/wp-json\/wp\/v2\/users\/2"}],"replies":[{"embeddable":true,"href":"https:\/\/www.europesays.com\/fr\/wp-json\/wp\/v2\/comments?post=333008"}],"version-history":[{"count":0,"href":"https:\/\/www.europesays.com\/fr\/wp-json\/wp\/v2\/posts\/333008\/revisions"}],"wp:featuredmedia":[{"embeddable":true,"href":"https:\/\/www.europesays.com\/fr\/wp-json\/wp\/v2\/media\/333009"}],"wp:attachment":[{"href":"https:\/\/www.europesays.com\/fr\/wp-json\/wp\/v2\/media?parent=333008"}],"wp:term":[{"taxonomy":"category","embeddable":true,"href":"https:\/\/www.europesays.com\/fr\/wp-json\/wp\/v2\/categories?post=333008"},{"taxonomy":"post_tag","embeddable":true,"href":"https:\/\/www.europesays.com\/fr\/wp-json\/wp\/v2\/tags?post=333008"}],"curies":[{"name":"wp","href":"https:\/\/api.w.org\/{rel}","templated":true}]}}