{"id":333010,"date":"2025-08-21T03:21:09","date_gmt":"2025-08-21T03:21:09","guid":{"rendered":"https:\/\/www.europesays.com\/fr\/333010\/"},"modified":"2025-08-21T03:21:09","modified_gmt":"2025-08-21T03:21:09","slug":"accord-sur-lukraine-on-a-montre-a-zelensky-carte-a-lappui-le-sort-reserve-a-ceux-qui-pretendent-gouverner-un-pays-marianne","status":"publish","type":"post","link":"https:\/\/www.europesays.com\/fr\/333010\/","title":{"rendered":"Accord sur l&#039;Ukraine : &quot;On a montr\u00e9 \u00e0 Zelensky, carte \u00e0 l&#039;appui, le sort r\u00e9serv\u00e9 \u00e0 ceux qui pr\u00e9tendent gouverner un pays&quot; &#8211; Marianne"},"content":{"rendered":"<ol>\n<li><a href=\"https:\/\/news.google.com\/rss\/articles\/CBMi3gFBVV95cUxPMU1GcW5xcUxPZmVaY0Q0ZHdZVmQtQXBuRWtrRnJzc2FiZXB2eF8yc251SlR0Q0pPOV93MGNrNnY5aTRhRjlLdzY0TEJqWHRfS1duWjM0bndkTXEzQWMxWEVHbnFmeXZZVktkckUxVng3TXllQlFMcHZwZUFxZUxBbThsX0pjSzZVLWFPbHdMcXNIaHhRclZHbTUyQjNTSElwbjBKRkduS1h0R1ZiRUhzQ3ZFbmgwdlhJZ2JsMm5iSUROZXctTG5fdmJEMUZjSl9mSmRtcEszQy0tbGhxLVE?oc=5\" target=\"_blank\" rel=\"nofollow noopener\">Accord sur l&rsquo;Ukraine : \u00ab\u00a0On a montr\u00e9 \u00e0 Zelensky, carte \u00e0 l&rsquo;appui, le sort r\u00e9serv\u00e9 \u00e0 ceux qui pr\u00e9tendent gouverner un pays\u00a0\u00bb<\/a>&nbsp;&nbsp;Marianne<\/li>\n<li><a href=\"https:\/\/news.google.com\/rss\/articles\/CBMi1AFBVV95cUxPeFEtMXdjN3U2RHJuOVFHRXBFS1laUHh0dDhlOEJNNnhicll5LWVRclp3NVRqVlZTblJkSTJBTWVyclRnNmgtcHN0WUtFaDBlTTRrRVc4ZzhJMlBKNE9WRE5XbEJGdmNYUFV4UmdITnZXeS1aQ2tyNEN3VVR6b3RVX3pyTVRJZWNCYmQxb1hqUk9WbTJpdzdvRFFsdEpLZnVDY0VsMzliSEYwcnlTSVBpWUVyRGRLdzRKN3ZUcjBWOGJuWm0zN19nVUwwMU1HTVlZdDktVQ?oc=5\" target=\"_blank\" rel=\"nofollow noopener\">Jean-Fran\u00e7ois Colosimo : \u00abPoutine et Trump partagent un objectif commun, la mise au pas de l\u2019Europe\u00bb<\/a>&nbsp;&nbsp;Le Figaro<\/li>\n<li><a href=\"https:\/\/news.google.com\/rss\/articles\/CBMi2wFBVV95cUxQNzFwSjhyWVNyb3RlYWc4SmljbWt1cHRfcFU3STR4Rkt6TlpqQjRBYnIyeERZUm5sRlZ5U2FBNlJVaDBTY0paVks2NFp4bmh5WmRCUll4Z2RLaEd4OGNDUmxZRlJsRlYyaDE1ajFaOWdBeGdpSmNjX3IwYmZrTXl3cTZ4a25nLS1qR3pKRVVVSGJ1TTZ1SmUyMXpVYnN6SDFldkRsMTFKR3RXeVpIZlV1emV0OXdsemwyWkJOcXR1ZE5RSVdOTFIxTi1aYkVDM2Z6b3NRY2d5LW1EMjA?oc=5\" target=\"_blank\" rel=\"nofollow noopener\">\u00ab La Russie n\u2019a aucune raison de r\u00e9duire ses ambitions sur l\u2019Ukraine et au-del\u00e0 \u00bb<\/a>&nbsp;&nbsp;Le Monde.fr<\/li>\n<li><a href=\"https:\/\/news.google.com\/rss\/articles\/CBMi-AFBVV95cUxNOHZNaS1kM2QtSEl4QWxHWklwN0xHUlNvUGE0bmtfVjBnZzkyQmM2OGN4QlU1T3BZekFXTTVtWml0N2hGZzdlNVNwLVpvaWp2NS1BRnR2X0NEOUJjbklPLVNSOUhiMDZpdnNGV3NicHI5US1ZRV9lQ3MwMFdIUGVoTk93UjB6SVJiRlhzTC1hM3V6QUdxaGVmYTFGM3FrQzRmX3NiWGZ5ZV9mQzZTS1FYZFZ6S2E4WUhWUDdjZVdDMWV4S1hXbWVQcjhxRkN2UEdOc2t6UF93bENRU2RGbDdrem51OVIxbzlXTm5UV1AtWFVuOFl6cS1LQg?oc=5\" target=\"_blank\" rel=\"nofollow noopener\">\u00ab\u00a0Poutine est en train de r\u00e9\u00e9valuer ses objectifs de guerre\u00a0\u00bb : le Kremlin est-il pr\u00eat \u00e0 modifier sa strat\u00e9gie en Ukraine<\/a>&nbsp;&nbsp;TF1 Info<\/li>\n<li><a href=\"https:\/\/news.google.com\/rss\/articles\/CBMizwFBVV95cUxPQ3FqUWJGN2hCQ2pmZEhhZGpLYVp6eFNfMVJmWGc1b0VzQm5jeV9lSVljRlRVRFNvSXdmT0ZaMnYxc01qbkJNYUcySERsVFE2TUNqeFU3RkdQcUdpTndRT0wzQll4M29palE0ejh6TGxiLTlCQ2RzMm44S195RVUtMElzQXdrYjRJZ3JHR3hSQlFISHlRTDJ2bUk3MGdkLWVFRTJFN3VUVmtURVpLTEduUllDb1dNaHd1WVliUThsSHZMc3pSUHVob1pSb3QzS1U?oc=5\" target=\"_blank\" rel=\"nofollow noopener\">ANALYSE. Guerre en Ukraine : la paix au bon vouloir de Poutine<\/a>&nbsp;&nbsp;Sud Ouest<\/li>\n<\/ol>\n","protected":false},"excerpt":{"rendered":"Accord sur l&rsquo;Ukraine : \u00ab\u00a0On a montr\u00e9 \u00e0 Zelensky, carte \u00e0 l&rsquo;appui, le sort r\u00e9serv\u00e9 \u00e0 ceux qui&hellip;\n","protected":false},"author":2,"featured_media":333011,"comment_status":"","ping_status":"","sticky":false,"template":"","format":"standard","meta":{"footnotes":""},"categories":[1590],"tags":[11,1777,674,12,220],"class_list":{"0":"post-333010","1":"post","2":"type-post","3":"status-publish","4":"format-standard","5":"has-post-thumbnail","7":"category-ukraine","8":"tag-actualites","9":"tag-eu","10":"tag-europe","11":"tag-news","12":"tag-ukraine"},"share_on_mastodon":{"url":"https:\/\/pubeurope.com\/@fr\/115064608080151815","error":""},"_links":{"self":[{"href":"https:\/\/www.europesays.com\/fr\/wp-json\/wp\/v2\/posts\/333010","targetHints":{"allow":["GET"]}}],"collection":[{"href":"https:\/\/www.europesays.com\/fr\/wp-json\/wp\/v2\/posts"}],"about":[{"href":"https:\/\/www.europesays.com\/fr\/wp-json\/wp\/v2\/types\/post"}],"author":[{"embeddable":true,"href":"https:\/\/www.europesays.com\/fr\/wp-json\/wp\/v2\/users\/2"}],"replies":[{"embeddable":true,"href":"https:\/\/www.europesays.com\/fr\/wp-json\/wp\/v2\/comments?post=333010"}],"version-history":[{"count":0,"href":"https:\/\/www.europesays.com\/fr\/wp-json\/wp\/v2\/posts\/333010\/revisions"}],"wp:featuredmedia":[{"embeddable":true,"href":"https:\/\/www.europesays.com\/fr\/wp-json\/wp\/v2\/media\/333011"}],"wp:attachment":[{"href":"https:\/\/www.europesays.com\/fr\/wp-json\/wp\/v2\/media?parent=333010"}],"wp:term":[{"taxonomy":"category","embeddable":true,"href":"https:\/\/www.europesays.com\/fr\/wp-json\/wp\/v2\/categories?post=333010"},{"taxonomy":"post_tag","embeddable":true,"href":"https:\/\/www.europesays.com\/fr\/wp-json\/wp\/v2\/tags?post=333010"}],"curies":[{"name":"wp","href":"https:\/\/api.w.org\/{rel}","templated":true}]}}