{"id":333016,"date":"2025-08-21T03:24:41","date_gmt":"2025-08-21T03:24:41","guid":{"rendered":"https:\/\/www.europesays.com\/fr\/333016\/"},"modified":"2025-08-21T03:24:41","modified_gmt":"2025-08-21T03:24:41","slug":"wout-van-aert-5e-du-prologue-du-tour-dallemagne-malgre-une-chute-durant-la-reconnaissance-cela-a-impacte-ma-confiance","status":"publish","type":"post","link":"https:\/\/www.europesays.com\/fr\/333016\/","title":{"rendered":"Wout van Aert 5e du prologue du Tour d&rsquo;Allemagne malgr\u00e9 une chute durant la reconnaissance : &lsquo;Cela a impact\u00e9 ma confiance&rsquo;"},"content":{"rendered":"<p><strong>Soren Waerenskjold <\/strong>a boucl\u00e9 le parcours en 3\u00a0: 31, soit une seconde de moins que le Britannique <strong>Samuel Watson <\/strong>(Ineos Grenadiers) et deux secondes de moins que l\u2019Autrichien <strong>Marco Haller<\/strong> (Tudor). <strong>Wout\u00a0van Aert <\/strong>a fini \u00e0 3 secondes.\u00a0Un chrono respectable pour le coureur de la Visma, malgr\u00e9 une chute survenue plus t\u00f4t lors de la reconnaissance.\u00a0\u00ab\u00a0Ma glissade a un peu entam\u00e9 ma confiance dans les virages.\u00a0Cela m&rsquo;a fait perdre un peu de temps car normalement, ce prologue devait me convenir\u00a0\u00bb,\u00a0a-t-il d\u00e9clar\u00e9 dans des propos rapport\u00e9s par nos confr\u00e8res de Sporza.<\/p>\n<p>Waerenskjold, 25 ans, a r\u00e9colt\u00e9 le 16e bouquet de sa carri\u00e8re et le 4e en\u00a02025. En mars, il avait notamment battu le Fran\u00e7ais <strong>Paul Magnier<\/strong> et <strong>Jasper Philipsen<\/strong> au sprint sur le Circuit Het Nieuwsblad.<\/p>\n<p>Jeudi, le peloton restera en Rh\u00e9nanie du Nord-Westphalie avec 202,6 kilom\u00e8tres au programme entre Essen et Herford. L\u2019ascension du Sennberg (1,1\u00a0km \u00e0 7,6%), plac\u00e9e \u00e0 40 kilom\u00e8tres de l\u2019arriv\u00e9e, pourrait \u00eatre d\u00e9cisive. La 40e \u00e9dition du Tour d\u2019Allemagne se termine dimanche \u00e0 Magedbourg. On conna\u00eetra alors le successeur du Danois <strong>Mads Pedersen<\/strong> au palmar\u00e8s. <strong>Ilan Van Wilder<\/strong> avait remport\u00e9 l\u2019\u00e9dition 2023 et <strong>Jasper Stuyven<\/strong> l\u2019\u00e9dition 2019.<\/p>\n","protected":false},"excerpt":{"rendered":"Soren Waerenskjold a boucl\u00e9 le parcours en 3\u00a0: 31, soit une seconde de moins que le Britannique Samuel&hellip;\n","protected":false},"author":2,"featured_media":333017,"comment_status":"","ping_status":"","sticky":false,"template":"","format":"standard","meta":{"footnotes":""},"categories":[1587],"tags":[11,672,1804,1805,1803,1777,674,1801,12,1802],"class_list":{"0":"post-333016","1":"post","2":"type-post","3":"status-publish","4":"format-standard","5":"has-post-thumbnail","7":"category-allemagne","8":"tag-actualites","9":"tag-allemagne","10":"tag-bundesrepublik-deutschland","11":"tag-de","12":"tag-deutschland","13":"tag-eu","14":"tag-europe","15":"tag-germany","16":"tag-news","17":"tag-republique-federale-dallemagne"},"share_on_mastodon":{"url":"https:\/\/pubeurope.com\/@fr\/115064619877253859","error":""},"_links":{"self":[{"href":"https:\/\/www.europesays.com\/fr\/wp-json\/wp\/v2\/posts\/333016","targetHints":{"allow":["GET"]}}],"collection":[{"href":"https:\/\/www.europesays.com\/fr\/wp-json\/wp\/v2\/posts"}],"about":[{"href":"https:\/\/www.europesays.com\/fr\/wp-json\/wp\/v2\/types\/post"}],"author":[{"embeddable":true,"href":"https:\/\/www.europesays.com\/fr\/wp-json\/wp\/v2\/users\/2"}],"replies":[{"embeddable":true,"href":"https:\/\/www.europesays.com\/fr\/wp-json\/wp\/v2\/comments?post=333016"}],"version-history":[{"count":0,"href":"https:\/\/www.europesays.com\/fr\/wp-json\/wp\/v2\/posts\/333016\/revisions"}],"wp:featuredmedia":[{"embeddable":true,"href":"https:\/\/www.europesays.com\/fr\/wp-json\/wp\/v2\/media\/333017"}],"wp:attachment":[{"href":"https:\/\/www.europesays.com\/fr\/wp-json\/wp\/v2\/media?parent=333016"}],"wp:term":[{"taxonomy":"category","embeddable":true,"href":"https:\/\/www.europesays.com\/fr\/wp-json\/wp\/v2\/categories?post=333016"},{"taxonomy":"post_tag","embeddable":true,"href":"https:\/\/www.europesays.com\/fr\/wp-json\/wp\/v2\/tags?post=333016"}],"curies":[{"name":"wp","href":"https:\/\/api.w.org\/{rel}","templated":true}]}}