{"id":333031,"date":"2025-08-21T03:33:12","date_gmt":"2025-08-21T03:33:12","guid":{"rendered":"https:\/\/www.europesays.com\/fr\/333031\/"},"modified":"2025-08-21T03:33:12","modified_gmt":"2025-08-21T03:33:12","slug":"a-long-terme-je-veux-etre-numero-1-mondiale-alexandra-eala-affiche-ses-ambitions","status":"publish","type":"post","link":"https:\/\/www.europesays.com\/fr\/333031\/","title":{"rendered":"\u00ab \u00c0 long terme, je veux \u00eatre num\u00e9ro 1 mondiale \u00bb, Alexandra Eala affiche ses ambitions"},"content":{"rendered":"<p>                <img decoding=\"async\" src=\"https:\/\/www.europesays.com\/fr\/wp-content\/uploads\/2025\/08\/Qy32.jpg\" alt=\"\u00ab \u00c0 long terme, je veux \u00eatre num\u00e9ro 1 mondiale \u00bb, Alexandra Eala affiche ses ambitions  \"\/><\/p>\n<p>Jeune espoir du circuit f\u00e9minin, Alexandra Eala avait surpris le monde du tennis en mars dernier en atteignant le dernier carr\u00e9 du WTA 1000 de Miami. Elle avait \u00e9limin\u00e9 sur sa route deux top 10 : Keys (3e tour) et Swiatek (quart de finale).<\/p>\n<p>\u00c0 seulement 20 ans, la native des Philippines est 70\u1d49 mondiale au classement et compte d\u00e9j\u00e0 une finale en WTA 250 (Eastbourne). Des performances qu\u2019elle souhaite conserver et m\u00eame am\u00e9liorer dans le futur :<\/p>\n<p>\u00ab \u00c0 court terme, j&rsquo;essaie simplement de maintenir mon niveau actuel et de prendre les choses semaine apr\u00e8s semaine. \u00c0 long terme, je veux \u00eatre num\u00e9ro 1 mondiale, mais c&rsquo;est encore loin. Maintenant, c\u2019est important de voir grand. \u00bb<\/p>\n<p>R\u00e9cemment, elle a disput\u00e9 le WTA 1000 du Canada et s\u2019est inclin\u00e9e au premier tour face \u00e0 la Tch\u00e8que Vondrousova (3-6, 6-1, 6-2).<\/p>\n","protected":false},"excerpt":{"rendered":"Jeune espoir du circuit f\u00e9minin, Alexandra Eala avait surpris le monde du tennis en mars dernier en atteignant&hellip;\n","protected":false},"author":2,"featured_media":333032,"comment_status":"","ping_status":"","sticky":false,"template":"","format":"standard","meta":{"footnotes":""},"categories":[1415],"tags":[1011,27,60,1467],"class_list":{"0":"post-333031","1":"post","2":"type-post","3":"status-publish","4":"format-standard","5":"has-post-thumbnail","7":"category-tennis","8":"tag-fr","9":"tag-france","10":"tag-sports","11":"tag-tennis"},"share_on_mastodon":{"url":"https:\/\/pubeurope.com\/@fr\/115064655587262890","error":""},"_links":{"self":[{"href":"https:\/\/www.europesays.com\/fr\/wp-json\/wp\/v2\/posts\/333031","targetHints":{"allow":["GET"]}}],"collection":[{"href":"https:\/\/www.europesays.com\/fr\/wp-json\/wp\/v2\/posts"}],"about":[{"href":"https:\/\/www.europesays.com\/fr\/wp-json\/wp\/v2\/types\/post"}],"author":[{"embeddable":true,"href":"https:\/\/www.europesays.com\/fr\/wp-json\/wp\/v2\/users\/2"}],"replies":[{"embeddable":true,"href":"https:\/\/www.europesays.com\/fr\/wp-json\/wp\/v2\/comments?post=333031"}],"version-history":[{"count":0,"href":"https:\/\/www.europesays.com\/fr\/wp-json\/wp\/v2\/posts\/333031\/revisions"}],"wp:featuredmedia":[{"embeddable":true,"href":"https:\/\/www.europesays.com\/fr\/wp-json\/wp\/v2\/media\/333032"}],"wp:attachment":[{"href":"https:\/\/www.europesays.com\/fr\/wp-json\/wp\/v2\/media?parent=333031"}],"wp:term":[{"taxonomy":"category","embeddable":true,"href":"https:\/\/www.europesays.com\/fr\/wp-json\/wp\/v2\/categories?post=333031"},{"taxonomy":"post_tag","embeddable":true,"href":"https:\/\/www.europesays.com\/fr\/wp-json\/wp\/v2\/tags?post=333031"}],"curies":[{"name":"wp","href":"https:\/\/api.w.org\/{rel}","templated":true}]}}