{"id":333039,"date":"2025-08-21T03:38:17","date_gmt":"2025-08-21T03:38:17","guid":{"rendered":"https:\/\/www.europesays.com\/fr\/333039\/"},"modified":"2025-08-21T03:38:17","modified_gmt":"2025-08-21T03:38:17","slug":"quatre-retours-precieux-a-lentrainement-dont-edon-zhegrova","status":"publish","type":"post","link":"https:\/\/www.europesays.com\/fr\/333039\/","title":{"rendered":"quatre retours pr\u00e9cieux \u00e0 l\u2019entra\u00eenement, dont Edon Zhegrova"},"content":{"rendered":"<p><strong>\u00c0 quelques jours de la r\u00e9ception de l\u2019AS Monaco en Ligue 1, le LOSC a accueilli quatre joueurs, de retour \u00e0 l\u2019entra\u00eenement.<\/strong><\/p>\n<p>Apr\u00e8s un d\u00e9placement compliqu\u00e9 \u00e0 Brest marqu\u00e9 par de nombreux absents, le LOSC peut souffler. En ce d\u00e9but de semaine, plusieurs joueurs ont enfin repris l\u2019entra\u00eenement collectif. Parmi eux, Tiago Santos, remis d\u2019une angine, a retrouv\u00e9 le groupe apr\u00e8s avoir pass\u00e9 avec succ\u00e8s ses tests physiques. Le lat\u00e9ral n\u2019a plus jou\u00e9 depuis octobre 2024, avant sa rupture du ligament crois\u00e9. De leur c\u00f4t\u00e9, A\u00efssa Mandi (adducteurs) et Thomas Meunier (douleurs au pubis) sont \u00e9galement de retour sur les terrains. <\/p>\n<p>Pist\u00e9 par l\u2019OM, Edon Zhegrova est de retour avec Lille<\/p>\n<p>Bonne nouvelle aussi pour Bruno Genesio : <a href=\"http:\/\/butfootballclub.fr\/ligue-1\/om\/om-mercato-et-maintenant-zhegrova-tourne-le-dos-a-marseille\/\" rel=\"noreferrer noopener\" target=\"_blank\">Edon Zhegrova, longtemps \u00e9loign\u00e9 du groupe<\/a>, a particip\u00e9 \u00e0 la s\u00e9ance avec ses co\u00e9quipiers. Ces retours apportent un bol d\u2019air frais \u00e0 l\u2019effectif nordiste, fortement diminu\u00e9 lors de la premi\u00e8re journ\u00e9e de Ligue 1, et qui affrontera l\u2019AS Monaco \u00e0 Pierre-Mauroy, dimanche \u00e0 20h45.<\/p>\n","protected":false},"excerpt":{"rendered":"\u00c0 quelques jours de la r\u00e9ception de l\u2019AS Monaco en Ligue 1, le LOSC a accueilli quatre joueurs,&hellip;\n","protected":false},"author":2,"featured_media":333040,"comment_status":"","ping_status":"","sticky":false,"template":"","format":"standard","meta":{"footnotes":""},"categories":[1410],"tags":[11,448,63,1011,27,66,3388,12,60,10662],"class_list":{"0":"post-333039","1":"post","2":"type-post","3":"status-publish","4":"format-standard","5":"has-post-thumbnail","7":"category-football","8":"tag-actualites","9":"tag-champions-league","10":"tag-football","11":"tag-fr","12":"tag-france","13":"tag-ligue-1","14":"tag-matchs","15":"tag-news","16":"tag-sports","17":"tag-transferts"},"share_on_mastodon":{"url":"https:\/\/pubeurope.com\/@fr\/115064674979832766","error":""},"_links":{"self":[{"href":"https:\/\/www.europesays.com\/fr\/wp-json\/wp\/v2\/posts\/333039","targetHints":{"allow":["GET"]}}],"collection":[{"href":"https:\/\/www.europesays.com\/fr\/wp-json\/wp\/v2\/posts"}],"about":[{"href":"https:\/\/www.europesays.com\/fr\/wp-json\/wp\/v2\/types\/post"}],"author":[{"embeddable":true,"href":"https:\/\/www.europesays.com\/fr\/wp-json\/wp\/v2\/users\/2"}],"replies":[{"embeddable":true,"href":"https:\/\/www.europesays.com\/fr\/wp-json\/wp\/v2\/comments?post=333039"}],"version-history":[{"count":0,"href":"https:\/\/www.europesays.com\/fr\/wp-json\/wp\/v2\/posts\/333039\/revisions"}],"wp:featuredmedia":[{"embeddable":true,"href":"https:\/\/www.europesays.com\/fr\/wp-json\/wp\/v2\/media\/333040"}],"wp:attachment":[{"href":"https:\/\/www.europesays.com\/fr\/wp-json\/wp\/v2\/media?parent=333039"}],"wp:term":[{"taxonomy":"category","embeddable":true,"href":"https:\/\/www.europesays.com\/fr\/wp-json\/wp\/v2\/categories?post=333039"},{"taxonomy":"post_tag","embeddable":true,"href":"https:\/\/www.europesays.com\/fr\/wp-json\/wp\/v2\/tags?post=333039"}],"curies":[{"name":"wp","href":"https:\/\/api.w.org\/{rel}","templated":true}]}}