{"id":333042,"date":"2025-08-21T03:41:13","date_gmt":"2025-08-21T03:41:13","guid":{"rendered":"https:\/\/www.europesays.com\/fr\/333042\/"},"modified":"2025-08-21T03:41:13","modified_gmt":"2025-08-21T03:41:13","slug":"castres-ce-livre-redonne-vie-a-une-collection-disparue","status":"publish","type":"post","link":"https:\/\/www.europesays.com\/fr\/333042\/","title":{"rendered":"Castres. Ce livre redonne vie \u00e0 une collection disparue"},"content":{"rendered":"<p>La Soci\u00e9t\u00e9 culturelle du Pays Castrais vient de publier son 59e cahier, consacr\u00e9 \u00e0 un pan oubli\u00e9 de l\u2019histoire culturelle locale. Intitul\u00e9 La collection d\u2019histoire naturelle du premier mus\u00e9e de Castres, l\u2019ouvrage sign\u00e9 par le g\u00e9ologue et anatomopathologiste Philippe Faur\u00e9 retrace la destin\u00e9e singuli\u00e8re d\u2019un patrimoine disparu.<\/p>\n<p>Avant de devenir le mus\u00e9e Goya, haut lieu de l\u2019art hispanique, l\u2019\u00e9tablissement castrais abritait en effet d\u00e8s 1840 d\u2019importantes collections d\u2019histoire naturelle. Zoologie, min\u00e9ralogie et pal\u00e9ontologie y occupaient une place aussi centrale que la peinture et la sculpture.<\/p>\n<p>Collection d\u00e9truite en 1956<\/p>\n<p>Enrichie par le travail de conservateurs passionn\u00e9s comme Jean-Baptiste Brianne et Adalbert Chamayou, mais aussi par de g\u00e9n\u00e9reux amateurs \u00e9clair\u00e9s, la collection attira jusqu\u2019\u00e0 des pal\u00e9ontologues de renom venus consulter les fossiles rassembl\u00e9s par le jeune naturaliste L\u00e9once Roux du Carla (1835-1859).<\/p>\n<p>Transf\u00e9r\u00e9e en 1943 au coll\u00e8ge Jean-Jaur\u00e8s, elle fut malheureusement d\u00e9truite en 1956, effa\u00e7ant presque toute trace de ce patrimoine scientifique. Philippe Faur\u00e9, fondateur en 2005 des Amis des Sciences de la Nature (ASNAT), tente ici une v\u00e9ritable \u00ab\u00a0reconstitution\u00a0\u00bb \u00e0 partir des archives et des publications anciennes. Son travail \u00e9claire non seulement la richesse des collections disparues, mais interroge aussi les raisons de leur disparition dans les ann\u00e9es 1950.<\/p>\n<p>Ce cahier de 46 pages, abondamment illustr\u00e9, para\u00eet le 15 juin au prix de 12 \u20ac. On peut se le procurer aupr\u00e8s de la Soci\u00e9t\u00e9 culturelle du Pays Castrais ou lors de ses conf\u00e9rences. Plus qu\u2019un livre, c\u2019est un acte de m\u00e9moire pour rappeler que Castres, avant de rayonner par son mus\u00e9e Goya, fut aussi un lieu o\u00f9 sciences et arts dialoguaient sous le m\u00eame toit.<\/p>\n","protected":false},"excerpt":{"rendered":"La Soci\u00e9t\u00e9 culturelle du Pays Castrais vient de publier son 59e cahier, consacr\u00e9 \u00e0 un pan oubli\u00e9 de&hellip;\n","protected":false},"author":2,"featured_media":333043,"comment_status":"","ping_status":"","sticky":false,"template":"","format":"standard","meta":{"footnotes":""},"categories":[1357],"tags":[1379,58,59,1011,27,1380],"class_list":{"0":"post-333042","1":"post","2":"type-post","3":"status-publish","4":"format-standard","5":"has-post-thumbnail","7":"category-livres","8":"tag-books","9":"tag-divertissement","10":"tag-entertainment","11":"tag-fr","12":"tag-france","13":"tag-livres"},"share_on_mastodon":{"url":"https:\/\/pubeurope.com\/@fr\/115064686791203241","error":""},"_links":{"self":[{"href":"https:\/\/www.europesays.com\/fr\/wp-json\/wp\/v2\/posts\/333042","targetHints":{"allow":["GET"]}}],"collection":[{"href":"https:\/\/www.europesays.com\/fr\/wp-json\/wp\/v2\/posts"}],"about":[{"href":"https:\/\/www.europesays.com\/fr\/wp-json\/wp\/v2\/types\/post"}],"author":[{"embeddable":true,"href":"https:\/\/www.europesays.com\/fr\/wp-json\/wp\/v2\/users\/2"}],"replies":[{"embeddable":true,"href":"https:\/\/www.europesays.com\/fr\/wp-json\/wp\/v2\/comments?post=333042"}],"version-history":[{"count":0,"href":"https:\/\/www.europesays.com\/fr\/wp-json\/wp\/v2\/posts\/333042\/revisions"}],"wp:featuredmedia":[{"embeddable":true,"href":"https:\/\/www.europesays.com\/fr\/wp-json\/wp\/v2\/media\/333043"}],"wp:attachment":[{"href":"https:\/\/www.europesays.com\/fr\/wp-json\/wp\/v2\/media?parent=333042"}],"wp:term":[{"taxonomy":"category","embeddable":true,"href":"https:\/\/www.europesays.com\/fr\/wp-json\/wp\/v2\/categories?post=333042"},{"taxonomy":"post_tag","embeddable":true,"href":"https:\/\/www.europesays.com\/fr\/wp-json\/wp\/v2\/tags?post=333042"}],"curies":[{"name":"wp","href":"https:\/\/api.w.org\/{rel}","templated":true}]}}