{"id":333050,"date":"2025-08-21T03:45:19","date_gmt":"2025-08-21T03:45:19","guid":{"rendered":"https:\/\/www.europesays.com\/fr\/333050\/"},"modified":"2025-08-21T03:45:19","modified_gmt":"2025-08-21T03:45:19","slug":"des-operations-de-demoustication-a-strasbourg-et-ostwald-apres-la-detection-de-deux-cas-2","status":"publish","type":"post","link":"https:\/\/www.europesays.com\/fr\/333050\/","title":{"rendered":"des op\u00e9rations de d\u00e9moustication \u00e0 Strasbourg et Ostwald apr\u00e8s la d\u00e9tection de deux cas"},"content":{"rendered":"<p>L\u2019Agence r\u00e9gionale de sant\u00e9 (ARS) Grand Est a annonc\u00e9, ce mercredi 20 ao\u00fbt, la d\u00e9tection d\u2019un cas de chikungunya et d\u2019un cas de dengue dans le Bas-Rhin.<\/p>\n<p>Le cas autochtone de chikungunya concerne une personne r\u00e9sidant et circulant \u00e0 Strasbourg et Ostwald. Le cas de dengue a \u00e9t\u00e9 identifi\u00e9 chez une personne habitant \u00e9galement \u00e0 Ostwald, ayant voyag\u00e9 r\u00e9cemment dans une zone o\u00f9 le virus circule.<\/p>\n<p>  Des quartiers de Strasbourg et Ostwald concern\u00e9s<\/p>\n<p>Pour limiter les risques de transmission, l\u2019ARS met en place plusieurs op\u00e9rations de d\u00e9moustication. Concernant le cas chikungunya, une premi\u00e8re intervention est pr\u00e9vue dans la nuit du 21 au 22 ao\u00fbt \u00e0 Strasbourg et Ostwald, suivie d\u2019une seconde la semaine suivante. Pour le cas de dengue, une op\u00e9ration unique sera men\u00e9e dans la nuit du 21 au 22 ao\u00fbt.<\/p>\n<p>Dans les deux cas, un flyer d\u2019information a \u00e9t\u00e9 distribu\u00e9 dans les bo\u00eetes aux lettres des habitations concern\u00e9es.<\/p>\n","protected":false},"excerpt":{"rendered":"L\u2019Agence r\u00e9gionale de sant\u00e9 (ARS) Grand Est a annonc\u00e9, ce mercredi 20 ao\u00fbt, la d\u00e9tection d\u2019un cas de&hellip;\n","protected":false},"author":2,"featured_media":281525,"comment_status":"","ping_status":"","sticky":false,"template":"","format":"standard","meta":{"footnotes":""},"categories":[10],"tags":[2389,2649,2880,107,1011,27,72,6611,71,640],"class_list":{"0":"post-333050","1":"post","2":"type-post","3":"status-publish","4":"format-standard","5":"has-post-thumbnail","7":"category-sante","8":"tag-alsace","9":"tag-bas-rhin","10":"tag-edition-strasbourg","11":"tag-fil-info","12":"tag-fr","13":"tag-france","14":"tag-health","15":"tag-ostwald","16":"tag-sante","17":"tag-strasbourg"},"share_on_mastodon":{"url":"https:\/\/pubeurope.com\/@fr\/115064702429274090","error":""},"_links":{"self":[{"href":"https:\/\/www.europesays.com\/fr\/wp-json\/wp\/v2\/posts\/333050","targetHints":{"allow":["GET"]}}],"collection":[{"href":"https:\/\/www.europesays.com\/fr\/wp-json\/wp\/v2\/posts"}],"about":[{"href":"https:\/\/www.europesays.com\/fr\/wp-json\/wp\/v2\/types\/post"}],"author":[{"embeddable":true,"href":"https:\/\/www.europesays.com\/fr\/wp-json\/wp\/v2\/users\/2"}],"replies":[{"embeddable":true,"href":"https:\/\/www.europesays.com\/fr\/wp-json\/wp\/v2\/comments?post=333050"}],"version-history":[{"count":0,"href":"https:\/\/www.europesays.com\/fr\/wp-json\/wp\/v2\/posts\/333050\/revisions"}],"wp:featuredmedia":[{"embeddable":true,"href":"https:\/\/www.europesays.com\/fr\/wp-json\/wp\/v2\/media\/281525"}],"wp:attachment":[{"href":"https:\/\/www.europesays.com\/fr\/wp-json\/wp\/v2\/media?parent=333050"}],"wp:term":[{"taxonomy":"category","embeddable":true,"href":"https:\/\/www.europesays.com\/fr\/wp-json\/wp\/v2\/categories?post=333050"},{"taxonomy":"post_tag","embeddable":true,"href":"https:\/\/www.europesays.com\/fr\/wp-json\/wp\/v2\/tags?post=333050"}],"curies":[{"name":"wp","href":"https:\/\/api.w.org\/{rel}","templated":true}]}}