{"id":333051,"date":"2025-08-21T03:47:13","date_gmt":"2025-08-21T03:47:13","guid":{"rendered":"https:\/\/www.europesays.com\/fr\/333051\/"},"modified":"2025-08-21T03:47:13","modified_gmt":"2025-08-21T03:47:13","slug":"alexandra-rosenfeld-accuse-son-ancien-compagnon-jean-imbert-de-violences","status":"publish","type":"post","link":"https:\/\/www.europesays.com\/fr\/333051\/","title":{"rendered":"Alexandra Rosenfeld accuse son ancien compagnon, Jean Imbert, de violences"},"content":{"rendered":"<p class=\"article-p mdl\">Alexandra Rosenfeld sort du silence.\u00a0Le 19 ao\u00fbt 2025, l&rsquo;ex-Miss France a pris la parole sur Instagram pour d\u00e9noncer les violences physiques et morales qu&rsquo;elle aurait subies de la part de Jean Imbert, c\u00e9l\u00e8bre chef cuisinier avec qui elle a partag\u00e9 sa vie entre 2013 et 2014.<\/p>\n<p class=\"article-p mdl\">Dans son message, l&rsquo;ex-chroniqueuse de t\u00e9l\u00e9vision r\u00e9v\u00e8le : \u00ab\u00a0Il y a plus de dix ans, j&rsquo;\u00e9tais avec quelqu&rsquo;un. Il m&rsquo;a mis<strong> un coup de t\u00eate.\u00a0\u00bb <\/strong>Pour appuyer ses propos, elle a partag\u00e9 une radiographie montrant une fracture \u00ab\u00a0des os propres du nez\u00a0\u00bb caus\u00e9e par un \u00ab\u00a0traumatisme par choc direct\u00a0\u00bb.<\/p>\n<p class=\"article-p mdl\">Bien qu&rsquo;elle ne cite \u00e0 aucun moment le nom de son ex-compagnon, les d\u00e9tails de son r\u00e9cit laissent peu de doute sur l&rsquo;identit\u00e9 de l&rsquo;homme dont elle parle.\u00a0<a class=\"link\" href=\"https:\/\/www.rtl.fr\/culture\/medias-people\/on-est-en-direct-je-me-sens-legitime-a-ecrire-confie-alexandra-rosenfeld-7900147609\" target=\"_blank\" rel=\"noopener\">Alexandra\u00a0<\/a>confie \u00eatre \u00ab\u00a0rest\u00e9 parce qu&rsquo;elle l&rsquo;aimait\u00a0\u00bb et explique avoir r\u00e9ussi \u00e0 partir \u00ab\u00a0quand il s&rsquo;est tourn\u00e9 vers une autre\u00a0\u00bb. Elle pr\u00e9cise : \u00ab\u00a0Je ne suis pas revenue pour me venger. Je suis<strong> revenue pour soutenir<\/strong> celles qui sont devenues des amies\u00a0\u00bb.<\/p>\n<p class=\"article-p mdl\">En s&rsquo;exprimant publiquement, Alexandra \u00e9voque une enqu\u00eate r\u00e9alis\u00e9e par le magazine Elle, parue le 23 avril 2025,\u00a0dans laquelle\u00a0plusieurs anciennes compagnes de Jean Imbert l&rsquo;accusaient\u00a0<a class=\"link\" href=\"https:\/\/www.rtl.fr\/actu\/debats-societe\/il-me-traitait-de-pute-d-alcoolique-de-droguee-les-accusations-de-violence-conjugales-visant-jean-imbert-7900498106\" title=\"&quot;Il me traitait de pute, d&#039;alcoolique, de drogu\u00e9e&quot;, les accusations de violence conjugales visant Jean Imbert\" target=\"_blank\" rel=\"noopener\">de violences psychologiques et physiques<\/a>. \u00c0 l&rsquo;\u00e9poque, l&rsquo;ex-Miss avait t\u00e9moign\u00e9 sous le pseudonyme \u00ab\u00a0\u00c9l\u00e9onore\u00a0\u00bb. Aujourd&rsquo;hui, elle affirme : \u00ab\u00a0Je ne suis pas \u00c9l\u00e9onore, je suis Alexandra. Et maintenant, je parle.\u00a0\u00bb<\/p>\n<p class=\"article-p mdl\"><strong>\u00c0\u00a0ce jour, aucune des femmes interrog\u00e9es par <\/strong><strong>Elle<\/strong><strong> n&rsquo;a d\u00e9pos\u00e9 plainte\u00a0<\/strong><strong>contre le chef cuisinier.\u00a0<\/strong>Concernant l\u2019ancienne Miss, les faits sont, de toute fa\u00e7on, prescrits.\u00a0<a class=\"link\" href=\"https:\/\/www.elle.fr\/Societe\/News\/Jean-Imbert-accuse-de-violences-son-ex-Alexandra-Rosenfeld-sort-du-silence-4374261\" target=\"_blank\" rel=\"noopener\">Aupr\u00e8s du magazine,<\/a>\u00a0l\u2019\u00e9quipe de communication de Jean Imbert a ni\u00e9 toute accusation de violences, psychologiques ou physiques sur ses compagnes.<\/p>\n<p>    La r\u00e9daction vous recommande<\/p>\n<p class=\"s-newsletter__title\">\n                L\u2019actualit\u00e9 par la r\u00e9daction de RTL dans votre bo\u00eete mail.\n            <\/p>\n<p class=\"s-newsletter__subtitle\">\n                Gr\u00e2ce \u00e0 votre compte RTL abonnez-vous \u00e0 la newsletter RTL info pour suivre toute l&rsquo;actualit\u00e9 au quotidien\n            <\/p>\n<p>\n                                    Lire la suite\n                                <\/p>\n","protected":false},"excerpt":{"rendered":"Alexandra Rosenfeld sort du silence.\u00a0Le 19 ao\u00fbt 2025, l&rsquo;ex-Miss France a pris la parole sur Instagram pour d\u00e9noncer&hellip;\n","protected":false},"author":2,"featured_media":333052,"comment_status":"","ping_status":"","sticky":false,"template":"","format":"standard","meta":{"footnotes":""},"categories":[8],"tags":[58,59,2414,107,1011,27,3034,240,809,798],"class_list":{"0":"post-333051","1":"post","2":"type-post","3":"status-publish","4":"format-standard","5":"has-post-thumbnail","7":"category-divertissement","8":"tag-divertissement","9":"tag-entertainment","10":"tag-fil-culture","11":"tag-fil-info","12":"tag-fr","13":"tag-france","14":"tag-miss-france","15":"tag-temoignage","16":"tag-violence","17":"tag-violences-conjugales"},"share_on_mastodon":{"url":"https:\/\/pubeurope.com\/@fr\/115064710339505027","error":""},"_links":{"self":[{"href":"https:\/\/www.europesays.com\/fr\/wp-json\/wp\/v2\/posts\/333051","targetHints":{"allow":["GET"]}}],"collection":[{"href":"https:\/\/www.europesays.com\/fr\/wp-json\/wp\/v2\/posts"}],"about":[{"href":"https:\/\/www.europesays.com\/fr\/wp-json\/wp\/v2\/types\/post"}],"author":[{"embeddable":true,"href":"https:\/\/www.europesays.com\/fr\/wp-json\/wp\/v2\/users\/2"}],"replies":[{"embeddable":true,"href":"https:\/\/www.europesays.com\/fr\/wp-json\/wp\/v2\/comments?post=333051"}],"version-history":[{"count":0,"href":"https:\/\/www.europesays.com\/fr\/wp-json\/wp\/v2\/posts\/333051\/revisions"}],"wp:featuredmedia":[{"embeddable":true,"href":"https:\/\/www.europesays.com\/fr\/wp-json\/wp\/v2\/media\/333052"}],"wp:attachment":[{"href":"https:\/\/www.europesays.com\/fr\/wp-json\/wp\/v2\/media?parent=333051"}],"wp:term":[{"taxonomy":"category","embeddable":true,"href":"https:\/\/www.europesays.com\/fr\/wp-json\/wp\/v2\/categories?post=333051"},{"taxonomy":"post_tag","embeddable":true,"href":"https:\/\/www.europesays.com\/fr\/wp-json\/wp\/v2\/tags?post=333051"}],"curies":[{"name":"wp","href":"https:\/\/api.w.org\/{rel}","templated":true}]}}