{"id":333055,"date":"2025-08-21T03:49:12","date_gmt":"2025-08-21T03:49:12","guid":{"rendered":"https:\/\/www.europesays.com\/fr\/333055\/"},"modified":"2025-08-21T03:49:12","modified_gmt":"2025-08-21T03:49:12","slug":"usa-les-responsables-de-la-fed-partisans-dune-baisse-des-taux-restent-isoles-minutes-20-08-2025-a-2139","status":"publish","type":"post","link":"https:\/\/www.europesays.com\/fr\/333055\/","title":{"rendered":"USA-Les responsables de la Fed partisans d&rsquo;une baisse des taux restent isol\u00e9s-\u00ab\u00a0minutes\u00a0\u00bb &#8211; 20\/08\/2025 \u00e0 21:39"},"content":{"rendered":"<p>        <img fetchpriority=\"high\" decoding=\"async\" src=\"https:\/\/www.europesays.com\/fr\/wp-content\/uploads\/2025\/08\/50d48ca27bf15009555b890f37203dbf-760x507.jpg\" alt=\"USA-Les responsables de la Fed partisans d'une baisse des taux restent isol\u00e9s\" loading=\"eager\" width=\"760\" height=\"507\" style=\"max-width: 100%!important; height: auto;\"\/><\/p>\n<p class=\"c-image-news__legend\">USA-Les responsables de la Fed partisans d&rsquo;une baisse des taux restent isol\u00e9s<\/p>\n<p>\n Les deux responsables de la R\u00e9serve f\u00e9d\u00e9rale (Fed) qui ont ouvertement plaid\u00e9 pour une baisse des taux le mois dernier n&rsquo;ont semble-t-il pas r\u00e9ussi \u00e0 rallier d&rsquo;autres soutiens lors de la derni\u00e8re r\u00e9union de l&rsquo;institution.\n<\/p>\n<p>\n D&rsquo;apr\u00e8s le compte rendu de la r\u00e9union de politique mon\u00e9taire de la Fed des 29 et 30 juillet, \u00ab\u00a0presque tous les participants\u00a0\u00bb ont jug\u00e9 que maintenir les taux des \u00ab\u00a0fed funds\u00a0\u00bb dans une fourchette de 4,25%-4,50% \u00e9tait appropri\u00e9.\n<\/p>\n<p>\n La vice-pr\u00e9sidente de la Fed charg\u00e9e de la supervision, Michelle Bowman, et le gouverneur Christopher Waller se sont oppos\u00e9s \u00e0 cette d\u00e9cision, estimant qu&rsquo;une r\u00e9duction d&rsquo;un quart de point de pourcentage permettrait de pr\u00e9venir l&rsquo;affaiblissement du march\u00e9 de l&#8217;emploi.\n<\/p>\n<p>\n Lors de cette r\u00e9union, les responsables de la Fed ont continu\u00e9 \u00e0 d\u00e9battre des effets des droits de douane sur l&rsquo;inflation et le niveau de restriction de leur politique mon\u00e9taire.\n<\/p>\n<p>\n Ils ont estim\u00e9 que les effets de droits de douane plus \u00e9lev\u00e9s s&rsquo;\u00e9taient d\u00e9j\u00e0 r\u00e9percut\u00e9s sur les prix de certains produits mais que son impact sur l&rsquo;\u00e9conomie am\u00e9ricaine ou l&rsquo;inflation restait \u00e0 mesurer, selon les \u00ab\u00a0minutes\u00a0\u00bb.\n<\/p>\n<p>\n Les participants de la r\u00e9union ont soulign\u00e9 qu&rsquo;ils pourraient \u00eatre confront\u00e9s \u00e0 des choix difficiles si l&rsquo;inflation \u00e9lev\u00e9e s&rsquo;av\u00e9rait plus persistante alors que les perspectives du march\u00e9 de l&#8217;emploi s&rsquo;affaiblissaient.\n<\/p>\n<p>\n Le pr\u00e9sident am\u00e9ricain Donald Trump a appel\u00e9 mercredi Lisa Cook, membre du Conseil des gouverneurs de la R\u00e9serve f\u00e9d\u00e9rale am\u00e9ricaine (Fed) \u00e0 d\u00e9missionner, apr\u00e8s des accusations la visant pour fausse d\u00e9claration de r\u00e9sidence principale.\n<\/p>\n<p>\n Le locataire de la Maison blanche a r\u00e9p\u00e9t\u00e9 ces derniers mois sa volont\u00e9 que la Fed baisse imm\u00e9diatement ses taux d&rsquo;int\u00e9r\u00eat, appelant \u00e9galement le patron de l&rsquo;institution, Jerome Powell, \u00e0 d\u00e9missionner.\n<\/p>\n<p>\n (Dan Burns and David Lawder; version fran\u00e7aise Camille Raynaud, \u00e9dit\u00e9 par Jean-St\u00e9phane Brosse)<\/p>\n","protected":false},"excerpt":{"rendered":"USA-Les responsables de la Fed partisans d&rsquo;une baisse des taux restent isol\u00e9s Les deux responsables de la R\u00e9serve&hellip;\n","protected":false},"author":2,"featured_media":333056,"comment_status":"","ping_status":"","sticky":false,"template":"","format":"standard","meta":{"footnotes":""},"categories":[6],"tags":[400,398,408,35,405,33,34,1011,27,403,402,399,404,401,406,407],"class_list":{"0":"post-333055","1":"post","2":"type-post","3":"status-publish","4":"format-standard","5":"has-post-thumbnail","7":"category-economie","8":"tag-action-cac-40","9":"tag-bourse-de-paris","10":"tag-boursorama","11":"tag-business","12":"tag-cotations","13":"tag-economie","14":"tag-economy","15":"tag-fr","16":"tag-france","17":"tag-indices-devises","18":"tag-investir","19":"tag-investissement","20":"tag-marche-boursier","21":"tag-sicav","22":"tag-trackers","23":"tag-warrants"},"share_on_mastodon":{"url":"https:\/\/pubeurope.com\/@fr\/115064718239632466","error":""},"_links":{"self":[{"href":"https:\/\/www.europesays.com\/fr\/wp-json\/wp\/v2\/posts\/333055","targetHints":{"allow":["GET"]}}],"collection":[{"href":"https:\/\/www.europesays.com\/fr\/wp-json\/wp\/v2\/posts"}],"about":[{"href":"https:\/\/www.europesays.com\/fr\/wp-json\/wp\/v2\/types\/post"}],"author":[{"embeddable":true,"href":"https:\/\/www.europesays.com\/fr\/wp-json\/wp\/v2\/users\/2"}],"replies":[{"embeddable":true,"href":"https:\/\/www.europesays.com\/fr\/wp-json\/wp\/v2\/comments?post=333055"}],"version-history":[{"count":0,"href":"https:\/\/www.europesays.com\/fr\/wp-json\/wp\/v2\/posts\/333055\/revisions"}],"wp:featuredmedia":[{"embeddable":true,"href":"https:\/\/www.europesays.com\/fr\/wp-json\/wp\/v2\/media\/333056"}],"wp:attachment":[{"href":"https:\/\/www.europesays.com\/fr\/wp-json\/wp\/v2\/media?parent=333055"}],"wp:term":[{"taxonomy":"category","embeddable":true,"href":"https:\/\/www.europesays.com\/fr\/wp-json\/wp\/v2\/categories?post=333055"},{"taxonomy":"post_tag","embeddable":true,"href":"https:\/\/www.europesays.com\/fr\/wp-json\/wp\/v2\/tags?post=333055"}],"curies":[{"name":"wp","href":"https:\/\/api.w.org\/{rel}","templated":true}]}}