{"id":333081,"date":"2025-08-21T04:09:19","date_gmt":"2025-08-21T04:09:19","guid":{"rendered":"https:\/\/www.europesays.com\/fr\/333081\/"},"modified":"2025-08-21T04:09:19","modified_gmt":"2025-08-21T04:09:19","slug":"toute-lactu-top-music-une-residence-pour-etudiants-et-jeunes-actifs-va-voir-le-jour-a-strasbourg","status":"publish","type":"post","link":"https:\/\/www.europesays.com\/fr\/333081\/","title":{"rendered":"Toute l&rsquo;actu Top Music &#8211; Une r\u00e9sidence pour \u00e9tudiants et jeunes actifs va voir le jour \u00e0 Strasbourg"},"content":{"rendered":"<p><img decoding=\"async\" class=\"\" style=\"width:100%\" src=\"https:\/\/www.europesays.com\/fr\/wp-content\/uploads\/2025\/08\/IMG_63111755701364975.jpg\" alt=\"Cette nouvelle r\u00e9sidence se trouvera dans le rue du G\u00e9n\u00e9ral Picquart \u00e0 Strasbourg.\"\/><\/p>\n<p>Cette nouvelle r\u00e9sidence se trouvera dans le rue du G\u00e9n\u00e9ral Picquart \u00e0 Strasbourg.<\/p>\n<p>Cr\u00e9dit : Top Music &#8211; JC<\/p>\n<p style=\"text-align: justify;\"><strong>\u00ab\u00a0<\/strong>Sur Strasbourg on a plus de 68 000 \u00e9tudiants <strong>et donc on a un besoin criant en termes de r\u00e9sidences \u00e9tudiantes<\/strong>. L\u00e0 nous avons un projet int\u00e9ressant car on utilise <strong>du b\u00e2ti existant pour cr\u00e9er des logements<\/strong> pour des \u00e9tudiants qui ont peu de revenus\u00a0\u00bb, affirme Suzanne Brolly, vice-pr\u00e9sidente de l\u2019Eurom\u00e9tropole en charge de la politique de l\u2019habitat. Auparavant, le b\u00e2timent de 10 000 m\u00b2\u00a0\u00e9tait au D\u00e9partement Informatique de la Tr\u00e9sorerie G\u00e9n\u00e9rale du Bas-Rhin. Ce chantier de transformation devrait d\u00e9marrer \u00e0 la fin de l\u2019ann\u00e9e. On y retrouvera <strong>148 chambres<\/strong> (75 pour les \u00e9tudiants, 73 pour les jeunes actifs) de 18 \u00e0 24 m\u00b2. Il y aura un <strong>espace fitness, de co-working ou encore une terrasse<\/strong>. Certains auront m\u00eame la chance d\u2019avoir une vue sur la <strong>cath\u00e9drale<\/strong> ou sur le pont de l\u2019Europe\u00a0!<\/p>\n<p><strong>Toujours pas assez de logements pour les \u00e9tudiants<\/strong><\/p>\n<p style=\"text-align: justify;\">Tous les ans \u00e0 l\u2019approche de la rentr\u00e9e universitaire les jeunes <strong>gal\u00e8rent<\/strong> \u00e0 trouver un logement. En cr\u00e9ant ou soutenant la cr\u00e9ation de nouvelles r\u00e9sidences, l\u2019Eurom\u00e9tropole de Strasbourg souhaite les accueillir au mieux. Mais le chemin est encore long. \u00ab\u00a0On a une offre de <strong>11 600 places<\/strong> dans des r\u00e9sidences d\u00e9di\u00e9es, ce qui permet de loger <strong>moins de 20% des \u00e9tudiants de l\u2019Eurom\u00e9tropole<\/strong>. C\u2019est tr\u00e8s limit\u00e9 m\u00eame si beaucoup d\u2019\u00e9tudiants se tournent vers la location priv\u00e9e\u00a0\u00bb, explique<strong> <\/strong>Mathilde Huault, charg\u00e9e d\u2019\u00e9tudes Habitat, populations et modes de vie \u00e0 l\u2019ADEUS.<\/p>\n","protected":false},"excerpt":{"rendered":"Cette nouvelle r\u00e9sidence se trouvera dans le rue du G\u00e9n\u00e9ral Picquart \u00e0 Strasbourg. Cr\u00e9dit : Top Music &#8211;&hellip;\n","protected":false},"author":2,"featured_media":333082,"comment_status":"","ping_status":"","sticky":false,"template":"","format":"standard","meta":{"footnotes":""},"categories":[2820],"tags":[1111,11,2389,2649,13684,7078,4081,1777,674,1011,27,775,1908,39586,12,28313,25,640,7421,4890,5768],"class_list":{"0":"post-333081","1":"post","2":"type-post","3":"status-publish","4":"format-standard","5":"has-post-thumbnail","7":"category-strasbourg","8":"tag-actu","9":"tag-actualites","10":"tag-alsace","11":"tag-bas-rhin","12":"tag-crous","13":"tag-etude","14":"tag-etudiant","15":"tag-eu","16":"tag-europe","17":"tag-fr","18":"tag-france","19":"tag-grand-est","20":"tag-logement","21":"tag-logement-etudiant","22":"tag-news","23":"tag-rentree","24":"tag-republique-francaise","25":"tag-strasbourg","26":"tag-topmusic","27":"tag-topmusicfrance","28":"tag-universite"},"share_on_mastodon":{"url":"https:\/\/pubeurope.com\/@fr\/115064796943672070","error":""},"_links":{"self":[{"href":"https:\/\/www.europesays.com\/fr\/wp-json\/wp\/v2\/posts\/333081","targetHints":{"allow":["GET"]}}],"collection":[{"href":"https:\/\/www.europesays.com\/fr\/wp-json\/wp\/v2\/posts"}],"about":[{"href":"https:\/\/www.europesays.com\/fr\/wp-json\/wp\/v2\/types\/post"}],"author":[{"embeddable":true,"href":"https:\/\/www.europesays.com\/fr\/wp-json\/wp\/v2\/users\/2"}],"replies":[{"embeddable":true,"href":"https:\/\/www.europesays.com\/fr\/wp-json\/wp\/v2\/comments?post=333081"}],"version-history":[{"count":0,"href":"https:\/\/www.europesays.com\/fr\/wp-json\/wp\/v2\/posts\/333081\/revisions"}],"wp:featuredmedia":[{"embeddable":true,"href":"https:\/\/www.europesays.com\/fr\/wp-json\/wp\/v2\/media\/333082"}],"wp:attachment":[{"href":"https:\/\/www.europesays.com\/fr\/wp-json\/wp\/v2\/media?parent=333081"}],"wp:term":[{"taxonomy":"category","embeddable":true,"href":"https:\/\/www.europesays.com\/fr\/wp-json\/wp\/v2\/categories?post=333081"},{"taxonomy":"post_tag","embeddable":true,"href":"https:\/\/www.europesays.com\/fr\/wp-json\/wp\/v2\/tags?post=333081"}],"curies":[{"name":"wp","href":"https:\/\/api.w.org\/{rel}","templated":true}]}}