{"id":333088,"date":"2025-08-21T04:14:10","date_gmt":"2025-08-21T04:14:10","guid":{"rendered":"https:\/\/www.europesays.com\/fr\/333088\/"},"modified":"2025-08-21T04:14:10","modified_gmt":"2025-08-21T04:14:10","slug":"defendre-lhopital-public-les-soignants-de-la-mayenne-appeles-a-manifester-a-nantes-le-16-septembre","status":"publish","type":"post","link":"https:\/\/www.europesays.com\/fr\/333088\/","title":{"rendered":"\u00ab\u00a0D\u00e9fendre l&rsquo;h\u00f4pital public\u00a0\u00bb : les soignants de la Mayenne appel\u00e9s \u00e0 manifester \u00e0 Nantes le 16 septembre"},"content":{"rendered":"<p>Les syndicats FO et CGT appellent \u00e0 une mobilisation r\u00e9gionale \u00e0 Nantes le mardi 16 septembre pour la d\u00e9fense de l\u2019h\u00f4pital public et de la s\u00e9curit\u00e9 sociale. Ils comptent manifester devant l&rsquo;Agence r\u00e9gionale de sant\u00e9 pour exiger notamment \u00ab\u00a0la fin des plans d\u2019aust\u00e9rit\u00e9\u00a0\u00bb et \u00ab\u00a0la formation de m\u00e9decins\u00a0\u00bb.<\/p>\n<p>Les syndicats Force Ouvri\u00e8re et CGT de la Mayenne appellent les soignants et la population <a class=\"IciLink ici-link IciArticleLink g-ici-body-regular-1 underline brand svelte-lu7k6w\" href=\"https:\/\/www.francebleu.fr\/infos\/sante-sciences\/une-manifestation-a-nantes-pour-denoncer-le-manque-de-moyens-dans-l-hopital-public-2305912\" rel=\"nofollow noopener\" target=\"_blank\">\u00e0 manifester \u00e0 Nantes<\/a>\u00a0le mardi 16 septembre. <strong>Un cort\u00e8ge partira du CHU \u00e0 10h30<\/strong> et se dirigera vers l&rsquo;Agence r\u00e9gionale de sant\u00e9 des Pays de la Loire.<\/p>\n<p>\u00ab\u00a0Partout dans le pays, l\u2019acc\u00e8s aux soins se d\u00e9t\u00e9riore\u00a0: des dizaines de milliers de lits sont ferm\u00e9s, <strong>il manque partout des m\u00e9decins,<\/strong> des soignants\u00a0\u00bb, \u00e9crivent les organisations dans un communiqu\u00e9 de presse commun.\u00a0Ils exigent \u00ab\u00a0la fin des plans d\u2019aust\u00e9rit\u00e9, la r\u00e9ouverture de tous les lits n\u00e9cessaires, la formation et le recrutement de m\u00e9decins, infirmiers, aides-soignants, ASH&#8230;\u00a0\u00bb<\/p>\n<p>Mi-juillet, le Premier ministre Fran\u00e7ois Bayrou a annonc\u00e9 vouloir r\u00e9aliser <strong>plus de 5,5 milliards d\u2019\u00e9conomies suppl\u00e9mentaires<\/strong> sur la sant\u00e9 en 2026. Un d\u00e9placement en car se pr\u00e9pare.<\/p>\n","protected":false},"excerpt":{"rendered":"Les syndicats FO et CGT appellent \u00e0 une mobilisation r\u00e9gionale \u00e0 Nantes le mardi 16 septembre pour la&hellip;\n","protected":false},"author":2,"featured_media":333089,"comment_status":"","ping_status":"","sticky":false,"template":"","format":"standard","meta":{"footnotes":""},"categories":[2818],"tags":[1111,11,1777,674,1011,27,766,12,2636,25],"class_list":{"0":"post-333088","1":"post","2":"type-post","3":"status-publish","4":"format-standard","5":"has-post-thumbnail","7":"category-nantes","8":"tag-actu","9":"tag-actualites","10":"tag-eu","11":"tag-europe","12":"tag-fr","13":"tag-france","14":"tag-nantes","15":"tag-news","16":"tag-pays-de-la-loire","17":"tag-republique-francaise"},"share_on_mastodon":{"url":"https:\/\/pubeurope.com\/@fr\/115064816461564829","error":""},"_links":{"self":[{"href":"https:\/\/www.europesays.com\/fr\/wp-json\/wp\/v2\/posts\/333088","targetHints":{"allow":["GET"]}}],"collection":[{"href":"https:\/\/www.europesays.com\/fr\/wp-json\/wp\/v2\/posts"}],"about":[{"href":"https:\/\/www.europesays.com\/fr\/wp-json\/wp\/v2\/types\/post"}],"author":[{"embeddable":true,"href":"https:\/\/www.europesays.com\/fr\/wp-json\/wp\/v2\/users\/2"}],"replies":[{"embeddable":true,"href":"https:\/\/www.europesays.com\/fr\/wp-json\/wp\/v2\/comments?post=333088"}],"version-history":[{"count":0,"href":"https:\/\/www.europesays.com\/fr\/wp-json\/wp\/v2\/posts\/333088\/revisions"}],"wp:featuredmedia":[{"embeddable":true,"href":"https:\/\/www.europesays.com\/fr\/wp-json\/wp\/v2\/media\/333089"}],"wp:attachment":[{"href":"https:\/\/www.europesays.com\/fr\/wp-json\/wp\/v2\/media?parent=333088"}],"wp:term":[{"taxonomy":"category","embeddable":true,"href":"https:\/\/www.europesays.com\/fr\/wp-json\/wp\/v2\/categories?post=333088"},{"taxonomy":"post_tag","embeddable":true,"href":"https:\/\/www.europesays.com\/fr\/wp-json\/wp\/v2\/tags?post=333088"}],"curies":[{"name":"wp","href":"https:\/\/api.w.org\/{rel}","templated":true}]}}