{"id":333090,"date":"2025-08-21T04:16:18","date_gmt":"2025-08-21T04:16:18","guid":{"rendered":"https:\/\/www.europesays.com\/fr\/333090\/"},"modified":"2025-08-21T04:16:18","modified_gmt":"2025-08-21T04:16:18","slug":"bordeaux-granville-sur-quelle-chaine-et-comment-regarder-le-match-2","status":"publish","type":"post","link":"https:\/\/www.europesays.com\/fr\/333090\/","title":{"rendered":"Bordeaux-Granville : sur quelle cha\u00eene et comment regarder le match ?"},"content":{"rendered":"<p><img decoding=\"async\" src=\"https:\/\/www.europesays.com\/fr\/wp-content\/uploads\/2025\/08\/671_4f675f2a275942bc173ef80e3b72ea2d.jpg\" alt=\"Bordeaux-Granville : sur quelle cha\u00eene et comment regarder le match ?\" class=\"img-responsive mt-3\"\/><\/p>\n<p class=\"text-center mb-3\" style=\"font-size: 14px\">\u00a9 Iconsport<\/p>\n<p>      <strong>T\u00e9l\u00e9vis\u00e9 sur TV7 et le D\u00e9brief \u00e0 Chaud sur WebGirondins<\/strong><\/p>\n<p style=\"text-align: justify;\">Pour cette rencontre qui se joue avec du public, vous pouvez assister \u00e0 cette opposition depuis le stade Atlantique de Bordeaux. Des billets sont en vente.<\/p>\n<p style=\"text-align: justify;\">Sud-Ouest et TV7 sont diffuseurs officiels des Girondins de Bordeaux en National 2 cette saison.<\/p>\n<p style=\"text-align: justify;\">Vous pourrez donc regarder ce match en direct sur la cha\u00eene locale TV7. La cha\u00eene est accessible sur le site Sud-Ouest et sur le canal 33 de la TNT.<\/p>\n<p style=\"text-align: justify;\">Voici comment la trouver sur les diff\u00e9rentes box Internet : SFR (canal 491), Orange (Canal 355), Bbox (canal 334), free (canal 901).<\/p>\n<p style=\"text-align: justify;\">Le match est aussi disponible sur la cha\u00eene YouTube de TV7<\/p>\n<p style=\"text-align: justify;\">De plus, nous vous proposons un live texte sur WebGirondins d\u00e8s 17h45, et le D\u00e9brief \u00e0 Chaud du match d\u00e8s 20h en direct sur notre cha\u00eene YouTube avec les r\u00e9actions en live d\u00e8s le coup de sifflet final.<\/p>\n<p style=\"text-align: justify;\">\u00c0 lire aussi &gt;&gt; <strong><a href=\"https:\/\/www.webgirondins.com\/actualite-girondins-girondins-etienne-beugre-met-en-cause-john-williams-de-bloquer-son-retour-a-bordeaux-130084\" target=\"_blank\" rel=\"noopener\">\u00c9tienne Beugre accuse John Williams de bloquer son retour \u00e0 Bordeaux<\/a><\/strong><\/p>\n<p style=\"text-align: justify;\">Notre podcast court :<\/p>\n<p>\u00a0<\/p>\n<p>R\u00e9\u00e9dition article du 19 ao\u00fbt 2025.<\/p>\n","protected":false},"excerpt":{"rendered":"\u00a9 Iconsport T\u00e9l\u00e9vis\u00e9 sur TV7 et le D\u00e9brief \u00e0 Chaud sur WebGirondins Pour cette rencontre qui se joue&hellip;\n","protected":false},"author":2,"featured_media":333091,"comment_status":"","ping_status":"","sticky":false,"template":"","format":"standard","meta":{"footnotes":""},"categories":[2817],"tags":[1111,11,2865,1997,3839,3233,20,47021,1777,674,1011,27,1987,19521,3465,3289,955,3238,12,2219,4789,3837,10432,25,3242,3982,2858],"class_list":{"0":"post-333090","1":"post","2":"type-post","3":"status-publish","4":"format-standard","5":"has-post-thumbnail","7":"category-bordeaux","8":"tag-actu","9":"tag-actualites","10":"tag-atlantique","11":"tag-bordeaux","12":"tag-chaine","13":"tag-championnat","14":"tag-comment","15":"tag-continuent","16":"tag-eu","17":"tag-europe","18":"tag-fr","19":"tag-france","20":"tag-girondins","21":"tag-granville","22":"tag-journee","23":"tag-leur","24":"tag-match","25":"tag-national","26":"tag-news","27":"tag-nouvelle-aquitaine","28":"tag-poule","29":"tag-quelle","30":"tag-regarder","31":"tag-republique-francaise","32":"tag-saison","33":"tag-samedi","34":"tag-stade"},"share_on_mastodon":{"url":"https:\/\/pubeurope.com\/@fr\/115064824362444611","error":""},"_links":{"self":[{"href":"https:\/\/www.europesays.com\/fr\/wp-json\/wp\/v2\/posts\/333090","targetHints":{"allow":["GET"]}}],"collection":[{"href":"https:\/\/www.europesays.com\/fr\/wp-json\/wp\/v2\/posts"}],"about":[{"href":"https:\/\/www.europesays.com\/fr\/wp-json\/wp\/v2\/types\/post"}],"author":[{"embeddable":true,"href":"https:\/\/www.europesays.com\/fr\/wp-json\/wp\/v2\/users\/2"}],"replies":[{"embeddable":true,"href":"https:\/\/www.europesays.com\/fr\/wp-json\/wp\/v2\/comments?post=333090"}],"version-history":[{"count":0,"href":"https:\/\/www.europesays.com\/fr\/wp-json\/wp\/v2\/posts\/333090\/revisions"}],"wp:featuredmedia":[{"embeddable":true,"href":"https:\/\/www.europesays.com\/fr\/wp-json\/wp\/v2\/media\/333091"}],"wp:attachment":[{"href":"https:\/\/www.europesays.com\/fr\/wp-json\/wp\/v2\/media?parent=333090"}],"wp:term":[{"taxonomy":"category","embeddable":true,"href":"https:\/\/www.europesays.com\/fr\/wp-json\/wp\/v2\/categories?post=333090"},{"taxonomy":"post_tag","embeddable":true,"href":"https:\/\/www.europesays.com\/fr\/wp-json\/wp\/v2\/tags?post=333090"}],"curies":[{"name":"wp","href":"https:\/\/api.w.org\/{rel}","templated":true}]}}