{"id":333096,"date":"2025-08-21T04:19:29","date_gmt":"2025-08-21T04:19:29","guid":{"rendered":"https:\/\/www.europesays.com\/fr\/333096\/"},"modified":"2025-08-21T04:19:29","modified_gmt":"2025-08-21T04:19:29","slug":"comme-des-poissons-dans-leau","status":"publish","type":"post","link":"https:\/\/www.europesays.com\/fr\/333096\/","title":{"rendered":"Comme des poissons dans l\u2019eau"},"content":{"rendered":"<p>Binta est install\u00e9e \u00e0 l\u2019ombre dans les petits canap\u00e9s \u00e0 c\u00f4t\u00e9 du bassin et pr\u00e9pare le go\u00fbter de ses trois enfants qui ne vont pas tarder \u00e0 sortir de l\u2019eau. Elle profite de l\u2019\u00e9t\u00e9 \u00e0 Roubaix et des nombreuses activit\u00e9s propos\u00e9es\u00a0: \u00ab\u00a0Cette semaine, on vient ici tous les apr\u00e8s-midis \u00e0 15h. On a aussi fait une sortie \u00e0 la mer et au Mus\u00e9e la Piscine avec le centre social du Fresnoy\u00a0\u00bb explique-t-elle. Puis d\u00e9boulent Qays, 6 ans, Fatoumata, 11 ans et Zineb, 9 ans\u00a0: \u00ab\u00a0On nage, on apprend \u00e0 faire l\u2019\u00e9tole c\u2019est trop bien\u00a0!\u00a0\u00bb<\/p>\n<p>Un peu plus loin, Coraline nous explique que ses enfants suivent ces stages pour la deuxi\u00e8me ann\u00e9e\u00a0: \u00ab\u00a0Cela me rassure de les savoir autonomes dans l\u2019eau, notamment lorsque ous partons en vacances.\u00a0\u00bb Ses trois petits, Haysa, 4 ans, Noussayba, 5 ans, et Issa, 6 ans sont en effet de plus en plus \u00e0 l\u2019aise dans l\u2019eau et progressent chaque jour.<\/p>\n<p>Samia Caulliez, qui g\u00e8re les inscriptions, annonce d\u00e9j\u00e0 416 participants cet \u00e9t\u00e9 contre 300 l\u2019\u00e9t\u00e9 dernier.<\/p>\n<p>Au bord du bassin, Jennyfer anime les s\u00e9ances en compagnie de ses deux coll\u00e8gues Ulrich et Yann. L\u2019eau est \u00e0 29 degr\u00e9s, la temp\u00e9rature ext\u00e9rieure avoisine les 30. Elle donne les instructions aux enfants et accompagne leur progression dans l\u2019eau. Jennyfer, cheffe de bassin et ma\u00eetre-nageur au Centre Thalassa Roubaix depuis 20 ans, nous explique les bienfaits de cette installation\u00a0: \u00ab\u00a0C\u2019est un bassin pas trop grand ni trop profond donc accessible \u00e0 tous les enfants, m\u00eame en situation de handicap. Plusieurs formats sont propos\u00e9s\u00a0: l\u2019aisance aquatique et \u00ab\u00a0j\u2019apprends \u00e0 nager\u00a0\u00bb avec des s\u00e9ances de 45 minutes. Quant aux sessions \u00ab\u00a0\u00e9toiles\u00a0\u00bb et \u00ab\u00a0poissons\u00a0\u00bb, elles durent trente minutes. Les enfants et les parents sont contents et en plus c\u2019est gratuit.\u00a0\u00bb<\/p>\n","protected":false},"excerpt":{"rendered":"Binta est install\u00e9e \u00e0 l\u2019ombre dans les petits canap\u00e9s \u00e0 c\u00f4t\u00e9 du bassin et pr\u00e9pare le go\u00fbter de&hellip;\n","protected":false},"author":2,"featured_media":333097,"comment_status":"","ping_status":"","sticky":false,"template":"","format":"standard","meta":{"footnotes":""},"categories":[2815],"tags":[1111,11,1777,674,1011,27,811,1307,12,37982,25,517,2453],"class_list":{"0":"post-333096","1":"post","2":"type-post","3":"status-publish","4":"format-standard","5":"has-post-thumbnail","7":"category-lille","8":"tag-actu","9":"tag-actualites","10":"tag-eu","11":"tag-europe","12":"tag-fr","13":"tag-france","14":"tag-hauts-de-france","15":"tag-lille","16":"tag-news","17":"tag-piscine-ephemere","18":"tag-republique-francaise","19":"tag-sport","20":"tag-vacances-dete"},"share_on_mastodon":{"url":"https:\/\/pubeurope.com\/@fr\/115064836186585635","error":""},"_links":{"self":[{"href":"https:\/\/www.europesays.com\/fr\/wp-json\/wp\/v2\/posts\/333096","targetHints":{"allow":["GET"]}}],"collection":[{"href":"https:\/\/www.europesays.com\/fr\/wp-json\/wp\/v2\/posts"}],"about":[{"href":"https:\/\/www.europesays.com\/fr\/wp-json\/wp\/v2\/types\/post"}],"author":[{"embeddable":true,"href":"https:\/\/www.europesays.com\/fr\/wp-json\/wp\/v2\/users\/2"}],"replies":[{"embeddable":true,"href":"https:\/\/www.europesays.com\/fr\/wp-json\/wp\/v2\/comments?post=333096"}],"version-history":[{"count":0,"href":"https:\/\/www.europesays.com\/fr\/wp-json\/wp\/v2\/posts\/333096\/revisions"}],"wp:featuredmedia":[{"embeddable":true,"href":"https:\/\/www.europesays.com\/fr\/wp-json\/wp\/v2\/media\/333097"}],"wp:attachment":[{"href":"https:\/\/www.europesays.com\/fr\/wp-json\/wp\/v2\/media?parent=333096"}],"wp:term":[{"taxonomy":"category","embeddable":true,"href":"https:\/\/www.europesays.com\/fr\/wp-json\/wp\/v2\/categories?post=333096"},{"taxonomy":"post_tag","embeddable":true,"href":"https:\/\/www.europesays.com\/fr\/wp-json\/wp\/v2\/tags?post=333096"}],"curies":[{"name":"wp","href":"https:\/\/api.w.org\/{rel}","templated":true}]}}