{"id":333101,"date":"2025-08-21T04:22:10","date_gmt":"2025-08-21T04:22:10","guid":{"rendered":"https:\/\/www.europesays.com\/fr\/333101\/"},"modified":"2025-08-21T04:22:10","modified_gmt":"2025-08-21T04:22:10","slug":"meteo-a-marseille-apres-la-fin-de-la-canicule-doit-on-sattendre-a-un-nouvel-episode-de-fortes-chaleurs","status":"publish","type":"post","link":"https:\/\/www.europesays.com\/fr\/333101\/","title":{"rendered":"M\u00e9t\u00e9o \u00e0 Marseille. Apr\u00e8s la fin de la canicule, doit-on s&rsquo;attendre \u00e0 un nouvel \u00e9pisode de fortes chaleurs\u00a0?"},"content":{"rendered":"<p>            Par<br \/>\n        <strong><br \/>\n            <a href=\"https:\/\/actu.fr\/auteur\/thibault-nadal-actu-fr\" title=\"Consulter tous les articles de Thibault Nadal\" target=\"_blank\" rel=\"noopener\">Thibault Nadal<\/a><br \/>\n        <\/strong><\/p>\n<p>        Publi\u00e9 le<\/p>\n<p>            21 ao\u00fbt 2025 \u00e0 6h04        <\/p>\n<p>Le dernier \u00e9pisode de <a href=\"https:\/\/actu.fr\/tag\/canicule\" target=\"_blank\" rel=\"noopener\">canicule<\/a> a \u00e9t\u00e9 compliqu\u00e9 \u00e0 vivre sur <a href=\"https:\/\/actu.fr\/marseille\/\" target=\"_blank\" rel=\"noopener\">Marseille<\/a> et dans les <a href=\"https:\/\/actu.fr\/provence-alpes-cote-d-azur\/bouches-du-rhone_13\" target=\"_blank\" rel=\"noopener\">Bouches-du-Rh\u00f4ne<\/a>. <a href=\"https:\/\/actu.fr\/provence-alpes-cote-d-azur\/marseille_13055\/meteo-a-marseille-pourquoi-la-canicule-d-aout-2025-a-ete-plus-intense-que-celle-de-2003_63050448.html\" target=\"_blank\" rel=\"noopener\">Il a m\u00eame \u00e9t\u00e9 \u00ab\u2009plus intense\u2009\u00bb qu\u2019en 2003<\/a>. <strong>Six jours \u00e0 plus de 40\u00b0C<\/strong>, <strong>des nuits sup\u00e9rieures \u00e0 25\u00b0C pr\u00e8s du littoral<\/strong>, durant neuf jours, habitants et touristes ont \u00e9touff\u00e9. Alors que <a href=\"https:\/\/actu.fr\/tag\/vague-de-chaleur\" target=\"_blank\" rel=\"noopener\">les fortes chaleurs<\/a> ont pris fin ce mardi 19 ao\u00fbt avec le retour de temp\u00e9ratures plus agr\u00e9ables, une question est dans toutes les t\u00eates. Un nouvel \u00e9pisode de canicule est-il envisageable avant la fin de l\u2019\u00e9t\u00e9\u2009? Voici les \u00e9l\u00e9ments de r\u00e9ponse.<\/p>\n<p>\u00ab\u2009La canicule ne reviendra pas\u2009\u00bb<\/p>\n<p class=\" wall-content\">Pr\u00e8s de 20\u00a0jours au total. Cet \u00e9t\u00e9, les Bouches-du-Rh\u00f4ne ont \u00e9t\u00e9 plac\u00e9es <strong>18\u00a0fois en vigilance orange canicule<\/strong>, ce qui est \u00e9norme. Pour beaucoup, ces diff\u00e9rents \u00e9pisodes ont \u00e9t\u00e9 difficiles \u00e0 vivre, notamment la nuit o\u00f9 l\u2019air restait irrespirable.<\/p>\n<p class=\" wall-content\">Mais bonne nouvelle. \u00ab\u2009<strong>La canicule est termin\u00e9e<\/strong> pour 2025 et ne reviendra pas, affirme aupr\u00e8s d\u2019actu Marseille Paul Marquis, fondateur de <a href=\"https:\/\/www.facebook.com\/lameteodu13\" target=\"_blank\" rel=\"noopener\">La M\u00e9t\u00e9o du 13<\/a>. Une canicule est impossible en septembre.\u2009\u00bb<\/p>\n<p class=\" wall-content\">Depuis deux jours, les fortes chaleurs ont c\u00e9d\u00e9 leur place \u00e0 <a href=\"https:\/\/actu.fr\/provence-alpes-cote-d-azur\/marseille_13055\/meteo-a-marseille-de-la-pluie-et-des-orages-attendus-voici-les-zones-touchees_63054575.html\" target=\"_blank\" rel=\"noopener\">un temps plus contrast\u00e9 avec parfois des orages et de la pluie<\/a> et un mercure plus raisonnable autour de 27\u00b0C.<\/p>\n<p>Une fin de mois d\u2019ao\u00fbt plus contrast\u00e9<\/p>\n<p class=\" wall-content\">Ce temps instable devrait encore perdurer ces prochains jours. <strong>\u00ab\u2009Les tendances sont au mistral entre jeudi et samedi\u2009\u00bb<\/strong>, explique le m\u00e9t\u00e9orologue ind\u00e9pendant.<\/p>\n<p class=\" wall-content\">Pour esp\u00e9rer profiter d\u2019un temps estival, mais avec des temp\u00e9ratures raisonnables, il faudra patienter jusqu\u2019\u00e0 dimanche.<\/p>\n<p class=\" wall-content\">Pour <strong>la derni\u00e8re semaine du mois d\u2019ao\u00fbt, le temps sera encore mitig\u00e9<\/strong>. Avec en d\u00e9but de semaine, un temps estival avec des temp\u00e9ratures \u00ab\u20092 \u00e0 3\u00b0 au-dessus des moyennes de saison\u2009\u00bb. Mais les derniers jours du mois seront marqu\u00e9s par \u00ab\u2009un nouveau risque d\u2019orages\u2009\u00bb, autour du 27\u00a0ao\u00fbt.<\/p>\n<p class=\" wall-content\">Personnalisez votre actualit\u00e9 en ajoutant vos villes et m\u00e9dias en favori avec <a href=\"https:\/\/moncompte.actu.fr\" title=\"D\u00e9couvez Mon Actu\" rel=\"nofollow noopener\" data-trk=\"{&quot;cta&quot;:{&quot;action&quot;:&quot;https:\\\/\\\/moncompte.actu.fr&quot;,&quot;category&quot;:&quot;mon compte&quot;,&quot;from&quot;:&quot;article footer&quot;,&quot;name&quot;:&quot;Mon actu&quot;,&quot;type&quot;:&quot;cta&quot;}}\" target=\"_blank\">Mon Actu<\/a>.<\/p>\n","protected":false},"excerpt":{"rendered":"Par Thibault Nadal Publi\u00e9 le 21 ao\u00fbt 2025 \u00e0 6h04 Le dernier \u00e9pisode de canicule a \u00e9t\u00e9 compliqu\u00e9&hellip;\n","protected":false},"author":2,"featured_media":333102,"comment_status":"","ping_status":"","sticky":false,"template":"","format":"standard","meta":{"footnotes":""},"categories":[2814],"tags":[1111,11,6698,1777,674,1011,27,884,2487,12,882,25,15637],"class_list":{"0":"post-333101","1":"post","2":"type-post","3":"status-publish","4":"format-standard","5":"has-post-thumbnail","7":"category-marseille","8":"tag-actu","9":"tag-actualites","10":"tag-canicule","11":"tag-eu","12":"tag-europe","13":"tag-fr","14":"tag-france","15":"tag-marseille","16":"tag-meteo","17":"tag-news","18":"tag-provence-alpes-cote-dazur","19":"tag-republique-francaise","20":"tag-vague-de-chaleur"},"share_on_mastodon":{"url":"https:\/\/pubeurope.com\/@fr\/115064847939623321","error":""},"_links":{"self":[{"href":"https:\/\/www.europesays.com\/fr\/wp-json\/wp\/v2\/posts\/333101","targetHints":{"allow":["GET"]}}],"collection":[{"href":"https:\/\/www.europesays.com\/fr\/wp-json\/wp\/v2\/posts"}],"about":[{"href":"https:\/\/www.europesays.com\/fr\/wp-json\/wp\/v2\/types\/post"}],"author":[{"embeddable":true,"href":"https:\/\/www.europesays.com\/fr\/wp-json\/wp\/v2\/users\/2"}],"replies":[{"embeddable":true,"href":"https:\/\/www.europesays.com\/fr\/wp-json\/wp\/v2\/comments?post=333101"}],"version-history":[{"count":0,"href":"https:\/\/www.europesays.com\/fr\/wp-json\/wp\/v2\/posts\/333101\/revisions"}],"wp:featuredmedia":[{"embeddable":true,"href":"https:\/\/www.europesays.com\/fr\/wp-json\/wp\/v2\/media\/333102"}],"wp:attachment":[{"href":"https:\/\/www.europesays.com\/fr\/wp-json\/wp\/v2\/media?parent=333101"}],"wp:term":[{"taxonomy":"category","embeddable":true,"href":"https:\/\/www.europesays.com\/fr\/wp-json\/wp\/v2\/categories?post=333101"},{"taxonomy":"post_tag","embeddable":true,"href":"https:\/\/www.europesays.com\/fr\/wp-json\/wp\/v2\/tags?post=333101"}],"curies":[{"name":"wp","href":"https:\/\/api.w.org\/{rel}","templated":true}]}}