{"id":333103,"date":"2025-08-21T04:23:11","date_gmt":"2025-08-21T04:23:11","guid":{"rendered":"https:\/\/www.europesays.com\/fr\/333103\/"},"modified":"2025-08-21T04:23:11","modified_gmt":"2025-08-21T04:23:11","slug":"quand-seront-activees-les-trois-bornes-restantes","status":"publish","type":"post","link":"https:\/\/www.europesays.com\/fr\/333103\/","title":{"rendered":"quand seront activ\u00e9es les trois bornes restantes\u00a0?"},"content":{"rendered":"<p>On savait que la mise en service des cinq bornes de contr\u00f4le d\u2019acc\u00e8s \u00e0 la Zone \u00e0 trafic limit\u00e9 (ZTL) en Presqu\u2019\u00eele prendrait du temps. Mais peut-\u00eatre pas autant.<\/p>\n<p>Si les deux premi\u00e8res unit\u00e9s, install\u00e9es rue Port-du-Temple (c\u00f4t\u00e9 Sa\u00f4ne) et rue Gentil (c\u00f4t\u00e9 Rh\u00f4ne), sont op\u00e9rationnelles depuis le 28\u00a0juillet et que chaque jour, leur plot r\u00e9tractable se l\u00e8ve entre 13 et 6 heures pour ne laisser entrer dans le p\u00e9rim\u00e8tre ZTL que les v\u00e9hicules des 20\u00a0000 ayants droit enregistr\u00e9s \u00e0 date, l\u2019activation progressive des trois bornes restantes, rues&#8230;<\/p>\n","protected":false},"excerpt":{"rendered":"On savait que la mise en service des cinq bornes de contr\u00f4le d\u2019acc\u00e8s \u00e0 la Zone \u00e0 trafic&hellip;\n","protected":false},"author":2,"featured_media":333104,"comment_status":"","ping_status":"","sticky":false,"template":"","format":"standard","meta":{"footnotes":""},"categories":[1889],"tags":[1111,11,2430,3542,2757,1777,674,107,1011,27,2428,2756,12,25,2429,2803],"class_list":{"0":"post-333103","1":"post","2":"type-post","3":"status-publish","4":"format-standard","5":"has-post-thumbnail","7":"category-lyon","8":"tag-actu","9":"tag-actualites","10":"tag-auvergne-rhone-alpes","11":"tag-circulation","12":"tag-edition-lyon-villeurbanne","13":"tag-eu","14":"tag-europe","15":"tag-fil-info","16":"tag-fr","17":"tag-france","18":"tag-lyon","19":"tag-lyon-bassin","20":"tag-news","21":"tag-republique-francaise","22":"tag-rhone","23":"tag-transport"},"share_on_mastodon":{"url":"https:\/\/pubeurope.com\/@fr\/115064851849992917","error":""},"_links":{"self":[{"href":"https:\/\/www.europesays.com\/fr\/wp-json\/wp\/v2\/posts\/333103","targetHints":{"allow":["GET"]}}],"collection":[{"href":"https:\/\/www.europesays.com\/fr\/wp-json\/wp\/v2\/posts"}],"about":[{"href":"https:\/\/www.europesays.com\/fr\/wp-json\/wp\/v2\/types\/post"}],"author":[{"embeddable":true,"href":"https:\/\/www.europesays.com\/fr\/wp-json\/wp\/v2\/users\/2"}],"replies":[{"embeddable":true,"href":"https:\/\/www.europesays.com\/fr\/wp-json\/wp\/v2\/comments?post=333103"}],"version-history":[{"count":0,"href":"https:\/\/www.europesays.com\/fr\/wp-json\/wp\/v2\/posts\/333103\/revisions"}],"wp:featuredmedia":[{"embeddable":true,"href":"https:\/\/www.europesays.com\/fr\/wp-json\/wp\/v2\/media\/333104"}],"wp:attachment":[{"href":"https:\/\/www.europesays.com\/fr\/wp-json\/wp\/v2\/media?parent=333103"}],"wp:term":[{"taxonomy":"category","embeddable":true,"href":"https:\/\/www.europesays.com\/fr\/wp-json\/wp\/v2\/categories?post=333103"},{"taxonomy":"post_tag","embeddable":true,"href":"https:\/\/www.europesays.com\/fr\/wp-json\/wp\/v2\/tags?post=333103"}],"curies":[{"name":"wp","href":"https:\/\/api.w.org\/{rel}","templated":true}]}}