{"id":333105,"date":"2025-08-21T04:24:19","date_gmt":"2025-08-21T04:24:19","guid":{"rendered":"https:\/\/www.europesays.com\/fr\/333105\/"},"modified":"2025-08-21T04:24:19","modified_gmt":"2025-08-21T04:24:19","slug":"comment-ne-pas-rater-sa-premiere-annee-les-conseils-de-quatre-tutrices-pour-reussir","status":"publish","type":"post","link":"https:\/\/www.europesays.com\/fr\/333105\/","title":{"rendered":"comment ne pas rater sa premi\u00e8re ann\u00e9e, les conseils de quatre tutrices pour r\u00e9ussir"},"content":{"rendered":"<p>C\u2019est l\u2019heure de la pr\u00e9-rentr\u00e9e pour les \u00e9tudiants en 1re\u00a0ann\u00e9e du Parcours d\u2019acc\u00e8s sp\u00e9cifique sant\u00e9 (Pass). \u00c0 la facult\u00e9 de m\u00e9decine de Lyon sud, ils ont \u00e9t\u00e9 accueillis, ce 20\u00a0ao\u00fbt, par les b\u00e9n\u00e9voles du Tutorat sant\u00e9 Lyon sud, une association institutionnelle. Tutrices et tuteurs leur ont d\u00e9livr\u00e9 les premiers conseils\u00a0: trouver sa propre m\u00e9thode de travail, privil\u00e9gier la qualit\u00e9 \u00e0 la quantit\u00e9, ne pas s\u2019\u00e9puiser, s\u2019am\u00e9nager des pauses, pr\u00e9server son sommeil et une bonne hygi\u00e8ne de vie, ne pas s\u2019isoler\u2026<\/p>\n<p>Quatre tutrices, Camille, Aline, Oc\u00e9ane et Le\u00efla partagent leur exp\u00e9rience en racontant ce qui a march\u00e9 pour elles.<\/p>\n<p>Oc\u00e9ane\u00a0: \u00ab\u00a0La discipline prend le relais sur la motivation\u00a0\u00bb<\/p>\n<p>\u00ab&amp;nbsp&#8230;<\/p>\n","protected":false},"excerpt":{"rendered":"C\u2019est l\u2019heure de la pr\u00e9-rentr\u00e9e pour les \u00e9tudiants en 1re\u00a0ann\u00e9e du Parcours d\u2019acc\u00e8s sp\u00e9cifique sant\u00e9 (Pass). \u00c0 la&hellip;\n","protected":false},"author":2,"featured_media":333106,"comment_status":"","ping_status":"","sticky":false,"template":"","format":"standard","meta":{"footnotes":""},"categories":[1889],"tags":[1111,11,2430,2757,3154,1777,674,107,1011,27,2428,2756,12,15666,25,2429,71,4604],"class_list":{"0":"post-333105","1":"post","2":"type-post","3":"status-publish","4":"format-standard","5":"has-post-thumbnail","7":"category-lyon","8":"tag-actu","9":"tag-actualites","10":"tag-auvergne-rhone-alpes","11":"tag-edition-lyon-villeurbanne","12":"tag-edition-sud-lyonnais","13":"tag-eu","14":"tag-europe","15":"tag-fil-info","16":"tag-fr","17":"tag-france","18":"tag-lyon","19":"tag-lyon-bassin","20":"tag-news","21":"tag-oullins-ville","22":"tag-republique-francaise","23":"tag-rhone","24":"tag-sante","25":"tag-selection-abonne"},"share_on_mastodon":{"url":"https:\/\/pubeurope.com\/@fr\/115064855750279453","error":""},"_links":{"self":[{"href":"https:\/\/www.europesays.com\/fr\/wp-json\/wp\/v2\/posts\/333105","targetHints":{"allow":["GET"]}}],"collection":[{"href":"https:\/\/www.europesays.com\/fr\/wp-json\/wp\/v2\/posts"}],"about":[{"href":"https:\/\/www.europesays.com\/fr\/wp-json\/wp\/v2\/types\/post"}],"author":[{"embeddable":true,"href":"https:\/\/www.europesays.com\/fr\/wp-json\/wp\/v2\/users\/2"}],"replies":[{"embeddable":true,"href":"https:\/\/www.europesays.com\/fr\/wp-json\/wp\/v2\/comments?post=333105"}],"version-history":[{"count":0,"href":"https:\/\/www.europesays.com\/fr\/wp-json\/wp\/v2\/posts\/333105\/revisions"}],"wp:featuredmedia":[{"embeddable":true,"href":"https:\/\/www.europesays.com\/fr\/wp-json\/wp\/v2\/media\/333106"}],"wp:attachment":[{"href":"https:\/\/www.europesays.com\/fr\/wp-json\/wp\/v2\/media?parent=333105"}],"wp:term":[{"taxonomy":"category","embeddable":true,"href":"https:\/\/www.europesays.com\/fr\/wp-json\/wp\/v2\/categories?post=333105"},{"taxonomy":"post_tag","embeddable":true,"href":"https:\/\/www.europesays.com\/fr\/wp-json\/wp\/v2\/tags?post=333105"}],"curies":[{"name":"wp","href":"https:\/\/api.w.org\/{rel}","templated":true}]}}