{"id":333107,"date":"2025-08-21T04:27:12","date_gmt":"2025-08-21T04:27:12","guid":{"rendered":"https:\/\/www.europesays.com\/fr\/333107\/"},"modified":"2025-08-21T04:27:12","modified_gmt":"2025-08-21T04:27:12","slug":"pourquoi-les-arbres-de-paris-amorcent-un-automne-precoce-en-plein-mois-daout","status":"publish","type":"post","link":"https:\/\/www.europesays.com\/fr\/333107\/","title":{"rendered":"Pourquoi les arbres de Paris amorcent un \u00ab\u00a0automne pr\u00e9coce\u00a0\u00bb en plein mois d&rsquo;ao\u00fbt\u00a0?"},"content":{"rendered":"<p>            Par<br \/>\n        <strong><br \/>\n            <a href=\"https:\/\/actu.fr\/auteur\/augustin-delaporte\" title=\"Consulter tous les articles de Augustin Delaporte\" target=\"_blank\" rel=\"noopener\">Augustin Delaporte<\/a><br \/>\n        <\/strong><\/p>\n<p>        Publi\u00e9 le<\/p>\n<p>            21 ao\u00fbt 2025 \u00e0 6h06        <\/p>\n<p>\u00ab\u2009C\u2019est un tapis <a href=\"https:\/\/actu.fr\/ile-de-france\/paris_75056\/paris-un-vide-immense-on-air-s-exprime-pour-la-premiere-fois-apres-le-deces-tragique-d-alison_62522950.html\" target=\"_blank\" rel=\"noopener\">boulevard Voltaire<\/a>\u2009\u00bb, s\u2019esclaffent des badauds\u2009! Depuis la <strong>mi-ao\u00fbt\u00a02025<\/strong>, des <a href=\"https:\/\/actu.fr\/societe\/les-arbres-souffrent-de-nombreuses-feuilles-mortes-tombees-par-terre-des-l-ete-faut-il-s-inquieter_63046412.html\" target=\"_blank\" rel=\"noopener\">wagons de feuilles mortes<\/a>, craquantes et \u00e0 la teinte marron, jonchent les rues de <a href=\"https:\/\/actu.fr\/paris\/\" target=\"_blank\" rel=\"noopener\">Paris<\/a>. Un ph\u00e9nom\u00e8ne qui, coupl\u00e9 au ciel gris\u00e2tre et aux <a href=\"https:\/\/actu.fr\/ile-de-france\/paris_75056\/apres-la-canicule-place-aux-orages-meteo-france-appelle-a-la-vigilance-en-ile-de-france_63052031.html\" target=\"_blank\" rel=\"noopener\">temp\u00e9ratures basses pour la saison<\/a>, donne la dr\u00f4le d\u2019impression d\u2019\u00eatre d\u00e9j\u00e0 en automne. B\u00e9atrice Rizzo, ing\u00e9nieure agronome sp\u00e9cialis\u00e9e en sant\u00e9 des arbres \u00e0 la <a href=\"https:\/\/actu.fr\/tag\/mairie-de-paris\" target=\"_blank\" rel=\"noopener\">Ville de Paris<\/a>, nous apporte des \u00e9l\u00e9ments de compr\u00e9hension.<\/p>\n<p class=\" wall-content\"><strong>actu Paris\u2009: Des feuilles mortes tombent en plein mois d\u2019ao\u00fbt \u00e0 cause de la canicule, faut-il s\u2019inqui\u00e9ter\u2009?<\/strong><\/p>\n<p class=\" wall-content\"><strong>B\u00e9atrice Rizzo\u2009:<\/strong> \u00c7a d\u00e9pend de l\u2019\u00e2ge de l\u2019arbre. Les adultes font tomber leurs feuilles pour s\u2019adapter. Ils s\u2019\u00e9conomisent en eau, ce qui leur permet de survivre. C\u2019est par contre <strong>pr\u00e9occupant pour ceux r\u00e9cemment plant\u00e9s<\/strong>, qui n\u2019ont pas la capacit\u00e9 \u00e0 s\u2019adapter.<\/p>\n<p class=\" wall-content\"><strong>actu Paris\u2009: Qu\u2019est-ce qui cause ce ph\u00e9nom\u00e8ne\u2009?<\/strong><\/p>\n<p class=\" wall-content\"><strong>B.R\u2009: <\/strong>Il y a deux raisons. D\u2019abord, climatique. Plus le rayonnement solaire est intensif, plus la photosynth\u00e8se n\u00e9cessite de l\u2019eau. En cas de d\u00e9ficit dans le sol, l\u2019arbre va s\u2019adapter en amor\u00e7ant un \u00ab\u2009automne pr\u00e9coce\u2009\u00bb. <strong>Ils abandonnent des feuilles pour ne pas consommer d\u2019eau<\/strong>.<\/p>\n<p class=\" wall-content\">C\u2019est un signe de r\u00e9activit\u00e9. Comme \u00e7a, l\u2019arbre n\u2019y reste pas enti\u00e8rement. Il sacrifie le volume de feuillage ne pouvant pas transpirer suffisamment pour s\u2019\u00e9conomiser. C\u2019est une bonne r\u00e9action. L\u2019origine peut, aussi, \u00eatre parasitaire. D\u2019autant que les insectes sont opportunistes et ciblent les arbres affaiblis.<\/p>\n<p>    <img   decoding=\"async\" loading=\"lazy\" src=\"https:\/\/www.europesays.com\/fr\/wp-content\/uploads\/2025\/08\/img-3775-960x640.jpg\" alt=\"feuilles-mortes-paris-aout\" width=\"960\" height=\"640\"\/><br \/>\n    Des sacs de feuilles morts, boulevard Voltaire, dans le 11e arrondissement. (\u00a9AD \/ actu Paris)<\/p>\n<p class=\" wall-content\"><strong>actu Paris\u2009: La survie des arbres concern\u00e9s est-elle en danger\u2009?<\/strong><\/p>\n<p class=\" wall-content\"><strong>B.R\u2009:<\/strong> Quand le ph\u00e9nom\u00e8ne se r\u00e9p\u00e8te ann\u00e9e apr\u00e8s ann\u00e9e, oui. Le sacrifice de feuillage rend la photosynth\u00e8se moins performante et, par cons\u00e9quent, la production des r\u00e9serves moins performante, \u00e9galement. Jusqu\u2019\u00e0 60\u2009% de feuillage sacrifi\u00e9 il n\u2019y a pas de danger, mais au-dessus, il faut s\u2019inqui\u00e9ter. Une succession d\u2019\u00e9pisodes de canicules sur dix, vingt ans, peut \u00eatre fatale, parce qu\u2019<strong>il y aura moins d\u2019adaptation possible au stress hydrique<\/strong>.<\/p>\n<p class=\" wall-content\"><strong>actu Paris\u2009: De quelles solutions dispose-t-on\u2009?<\/strong><\/p>\n<p class=\" wall-content\"><strong>B.R\u2009:<\/strong> Il faut avoir une grande vigilance concernant les jeunes arbres. Nous faisons un suivi en continu de leur besoin d\u2019eau gr\u00e2ce \u00e0 des <strong>sondes connect\u00e9es<\/strong>. Sur les adultes, on compte sur leur capacit\u00e9 \u00e0 s\u2019adapter, car on ne peut pas les arroser, cela n\u00e9cessiterait des quantit\u00e9s d\u2019eau monumentales.<\/p>\n<p>Votre r\u00e9gion, votre actu !<\/p>\n<p>Recevez chaque jour les infos qui comptent pour vous.<\/p>\n<p>\t<a href=\"https:\/\/actu.fr\/newsletter\" class=\"ac-btn ac-btn--corner ac-btn--medium ac-btn--blue800\" target=\"_blank\" rel=\"noopener\">S&rsquo;incrire<\/a><\/p>\n<p class=\" wall-content\"><strong>actu Paris\u2009: La Ville de Paris doit-elle aujourd\u2019hui miser sur une essence en particulier ou, au contraire, arr\u00eater de miser sur certaines\u2009?<\/strong><\/p>\n<p class=\" wall-content\"><strong>B.R\u2009:<\/strong> C\u2019est un ph\u00e9nom\u00e8ne assez r\u00e9cent, qui commence \u00e0 \u00eatre visible. Aujourd\u2019hui, nous estimons qu\u2019il faut <strong>miser sur une diversit\u00e9 d\u2019essences<\/strong>, on a beaucoup \u00e9largi le panel, avec des m\u00e9diterran\u00e9ennes, comme les micocouliers, mais pas que. Il ne faut pas se focaliser sur le climat qui chauffe, les hivers sont rudes et les \u00e9cartes de temp\u00e9ratures sont parfois importants. Typiquement, l\u2019olivier ne coche pas toutes les cases, parce qu\u2019il craint le gel.<\/p>\n<p class=\" wall-content\">Quant au stresse hydrique, le bouleau, le h\u00eatre ou le fr\u00eane ne tiennent pas. On va minimiser leur pr\u00e9sence. Tout d\u00e9pend, \u00e9galement, du lieu d\u2019implantation, si c\u2019est en parc ou en alignement, selon la fosse et son volume, etc.<\/p>\n<p class=\" wall-content\">Personnalisez votre actualit\u00e9 en ajoutant vos villes et m\u00e9dias en favori avec <a href=\"https:\/\/moncompte.actu.fr\" title=\"D\u00e9couvez Mon Actu\" rel=\"nofollow noopener\" data-trk=\"{&quot;cta&quot;:{&quot;action&quot;:&quot;https:\\\/\\\/moncompte.actu.fr&quot;,&quot;category&quot;:&quot;mon compte&quot;,&quot;from&quot;:&quot;article footer&quot;,&quot;name&quot;:&quot;Mon actu&quot;,&quot;type&quot;:&quot;cta&quot;}}\" target=\"_blank\">Mon Actu<\/a>.<\/p>\n","protected":false},"excerpt":{"rendered":"Par Augustin Delaporte Publi\u00e9 le 21 ao\u00fbt 2025 \u00e0 6h06 \u00ab\u2009C\u2019est un tapis boulevard Voltaire\u2009\u00bb, s\u2019esclaffent des badauds\u2009!&hellip;\n","protected":false},"author":2,"featured_media":333108,"comment_status":"","ping_status":"","sticky":false,"template":"","format":"standard","meta":{"footnotes":""},"categories":[1888],"tags":[1111,1928,11,1927,6698,1777,674,1011,27,2487,12,1926,626,1925,25,12817],"class_list":{"0":"post-333107","1":"post","2":"type-post","3":"status-publish","4":"format-standard","5":"has-post-thumbnail","7":"category-paris","8":"tag-actu","9":"tag-actu-paris","10":"tag-actualites","11":"tag-actualites-paris","12":"tag-canicule","13":"tag-eu","14":"tag-europe","15":"tag-fr","16":"tag-france","17":"tag-meteo","18":"tag-news","19":"tag-news-paris","20":"tag-paris","21":"tag-paris-news","22":"tag-republique-francaise","23":"tag-secheresse"},"share_on_mastodon":{"url":"https:\/\/pubeurope.com\/@fr\/115064867825324272","error":""},"_links":{"self":[{"href":"https:\/\/www.europesays.com\/fr\/wp-json\/wp\/v2\/posts\/333107","targetHints":{"allow":["GET"]}}],"collection":[{"href":"https:\/\/www.europesays.com\/fr\/wp-json\/wp\/v2\/posts"}],"about":[{"href":"https:\/\/www.europesays.com\/fr\/wp-json\/wp\/v2\/types\/post"}],"author":[{"embeddable":true,"href":"https:\/\/www.europesays.com\/fr\/wp-json\/wp\/v2\/users\/2"}],"replies":[{"embeddable":true,"href":"https:\/\/www.europesays.com\/fr\/wp-json\/wp\/v2\/comments?post=333107"}],"version-history":[{"count":0,"href":"https:\/\/www.europesays.com\/fr\/wp-json\/wp\/v2\/posts\/333107\/revisions"}],"wp:featuredmedia":[{"embeddable":true,"href":"https:\/\/www.europesays.com\/fr\/wp-json\/wp\/v2\/media\/333108"}],"wp:attachment":[{"href":"https:\/\/www.europesays.com\/fr\/wp-json\/wp\/v2\/media?parent=333107"}],"wp:term":[{"taxonomy":"category","embeddable":true,"href":"https:\/\/www.europesays.com\/fr\/wp-json\/wp\/v2\/categories?post=333107"},{"taxonomy":"post_tag","embeddable":true,"href":"https:\/\/www.europesays.com\/fr\/wp-json\/wp\/v2\/tags?post=333107"}],"curies":[{"name":"wp","href":"https:\/\/api.w.org\/{rel}","templated":true}]}}