{"id":333111,"date":"2025-08-21T04:29:12","date_gmt":"2025-08-21T04:29:12","guid":{"rendered":"https:\/\/www.europesays.com\/fr\/333111\/"},"modified":"2025-08-21T04:29:12","modified_gmt":"2025-08-21T04:29:12","slug":"info-va-paris-deux-policiers-attaques-et-blesses-lors-dun-controle-deux-suspects-interpelles","status":"publish","type":"post","link":"https:\/\/www.europesays.com\/fr\/333111\/","title":{"rendered":"[Info VA] Paris : deux policiers attaqu\u00e9s et bless\u00e9s lors d&rsquo;un contr\u00f4le, deux suspects interpell\u00e9s"},"content":{"rendered":"<p>                                            Faits divers\n                                                                            <\/p>\n<p>\n                                            Deux policiers de la BAC ont \u00e9t\u00e9 agress\u00e9s et bless\u00e9s dans le 17e arrondissement \u00e0 Paris lors d\u2019un contr\u00f4le. Deux suspects ont \u00e9t\u00e9 interpell\u00e9s et une enqu\u00eate pour tentative de meurtre sur personne d\u00e9positaire de l\u2019autorit\u00e9 publique a \u00e9t\u00e9 ouverte.                                        <\/p>\n<p>                                                Publi\u00e9 le 21 ao\u00fbt 2025 \u00e0 6h14                                                                                            <\/p>\n<p>                                            <img loading=\"lazy\" width=\"1024\" height=\"683\" src=\"https:\/\/www.europesays.com\/fr\/wp-content\/uploads\/2025\/07\/SIPA_01002392_000041-1.jpg\" class=\"attachment-post-thumbnail size-post-thumbnail wp-post-image lazy\" alt=\"Deux policiers attaqu\u00e9s et bless\u00e9s lors d'un contr\u00f4le \u00e0 Paris \u00a9 SYSPEO\/SIPA\" decoding=\"async\"  data-\/><\/p>\n<p>                                            Deux policiers attaqu\u00e9s et bless\u00e9s lors d&rsquo;un contr\u00f4le \u00e0 Paris \u00a9 SYSPEO\/SIPA<\/p>\n<p>Deux policiers ont \u00e9t\u00e9 attaqu\u00e9s et bless\u00e9s cette nuit dans le 17e arrondissement \u00e0 Paris vers 23h40, indique une source polici\u00e8re \u00e0 Valeurs actuelles. Des agents de la BAC ont voulu contr\u00f4ler des individus suspect\u00e9s de vols \u00e0 la roulotte dans le secteur qui les ont aussit\u00f4t violemment agress\u00e9s avec une arme non retrouv\u00e9e encore, possiblement un tournevis.<\/p>\n<p><a href=\"https:\/\/www.valeursactuelles.com\/faits-divers\/info-va-eglises-vandalisees-a-pantin-et-la-courneuve-le-suspect-sest-evade-et-est-en-fuite\" class=\"h-flex h-align-items-center h-border-tb h-ptb-15\" target=\"_blank\" rel=\"noopener\">A\u00a0LIRE\u00a0[Info VA] Eglises vandalis\u00e9es \u00e0 Pantin et La Courneuve : le suspect \u00e9vad\u00e9 et \u00e0 nouveau interpell\u00e9<\/a><\/p>\n<blockquote class=\"twitter-tweet\">\n<p dir=\"ltr\" lang=\"fr\">\ud83d\udd34 [Info <a href=\"https:\/\/twitter.com\/Valeurs?ref_src=twsrc%5Etfw\" target=\"_blank\" rel=\"noopener\">@Valeurs<\/a>] Deux policiers ont \u00e9t\u00e9 attaqu\u00e9s et bless\u00e9s cette nuit dans le 17e \u00e0 Paris, indique une source polici\u00e8re. Des agents de la BAC ont voulu contr\u00f4ler des individus suspect\u00e9s de vols \u00e0 la roulotte dans le secteur qui les ont aussit\u00f4t violemment agress\u00e9s avec une\u2026<\/p>\n<p>\u2014 Amaury Brelet (@AmauryBrelet) <a href=\"https:\/\/twitter.com\/AmauryBrelet\/status\/1958374526980325772?ref_src=twsrc%5Etfw\" target=\"_blank\" rel=\"noopener\">August 21, 2025<\/a><\/p>\n<\/blockquote>\n<p>Un policier a \u00e9t\u00e9 touch\u00e9 au menton et au dos, un autre \u00e0 l\u2019arri\u00e8re de l\u2019oreille. Sous le choc, ils ont \u00e9t\u00e9 transport\u00e9s rapidement \u00e0 l\u2019h\u00f4pital. Les deux suspects interpell\u00e9s sont : Amine S., n\u00e9 le 29\/06\/1991 au Maroc, sous le coup d\u2019une OQTF, et un second suspect qui a affirm\u00e9 \u00eatre n\u00e9 en Alg\u00e9rie en 2007, son identit\u00e9 est en cours de v\u00e9rification.<\/p>\n<p>Une enqu\u00eate pour tentative de meurtre sur personne d\u00e9positaire de l\u2019autorit\u00e9 publique a \u00e9t\u00e9 ouverte.<\/p>\n<p>                                                                    <script async src=\"https:\/\/platform.twitter.com\/widgets.js\" charset=\"utf-8\"><\/script><\/p>\n","protected":false},"excerpt":{"rendered":"Faits divers Deux policiers de la BAC ont \u00e9t\u00e9 agress\u00e9s et bless\u00e9s dans le 17e arrondissement \u00e0 Paris&hellip;\n","protected":false},"author":2,"featured_media":230045,"comment_status":"","ping_status":"","sticky":false,"template":"","format":"standard","meta":{"footnotes":""},"categories":[1888],"tags":[11,3916,47024,1777,674,1011,27,12,4347,626,1072,25],"class_list":{"0":"post-333111","1":"post","2":"type-post","3":"status-publish","4":"format-standard","5":"has-post-thumbnail","7":"category-paris","8":"tag-actualites","9":"tag-blesse","10":"tag-controle-didentite","11":"tag-eu","12":"tag-europe","13":"tag-fr","14":"tag-france","15":"tag-news","16":"tag-oqtf","17":"tag-paris","18":"tag-police","19":"tag-republique-francaise"},"share_on_mastodon":{"url":"https:\/\/pubeurope.com\/@fr\/115064875568592124","error":""},"_links":{"self":[{"href":"https:\/\/www.europesays.com\/fr\/wp-json\/wp\/v2\/posts\/333111","targetHints":{"allow":["GET"]}}],"collection":[{"href":"https:\/\/www.europesays.com\/fr\/wp-json\/wp\/v2\/posts"}],"about":[{"href":"https:\/\/www.europesays.com\/fr\/wp-json\/wp\/v2\/types\/post"}],"author":[{"embeddable":true,"href":"https:\/\/www.europesays.com\/fr\/wp-json\/wp\/v2\/users\/2"}],"replies":[{"embeddable":true,"href":"https:\/\/www.europesays.com\/fr\/wp-json\/wp\/v2\/comments?post=333111"}],"version-history":[{"count":0,"href":"https:\/\/www.europesays.com\/fr\/wp-json\/wp\/v2\/posts\/333111\/revisions"}],"wp:featuredmedia":[{"embeddable":true,"href":"https:\/\/www.europesays.com\/fr\/wp-json\/wp\/v2\/media\/230045"}],"wp:attachment":[{"href":"https:\/\/www.europesays.com\/fr\/wp-json\/wp\/v2\/media?parent=333111"}],"wp:term":[{"taxonomy":"category","embeddable":true,"href":"https:\/\/www.europesays.com\/fr\/wp-json\/wp\/v2\/categories?post=333111"},{"taxonomy":"post_tag","embeddable":true,"href":"https:\/\/www.europesays.com\/fr\/wp-json\/wp\/v2\/tags?post=333111"}],"curies":[{"name":"wp","href":"https:\/\/api.w.org\/{rel}","templated":true}]}}