{"id":333112,"date":"2025-08-21T04:30:13","date_gmt":"2025-08-21T04:30:13","guid":{"rendered":"https:\/\/www.europesays.com\/fr\/333112\/"},"modified":"2025-08-21T04:30:13","modified_gmt":"2025-08-21T04:30:13","slug":"guerre-en-ukraine-une-meteorite-a-20-minutes-de-vol-de-paris-la-russie-et-la-bielorussie-vont-tester-le-missile-nucleaire-orechnik","status":"publish","type":"post","link":"https:\/\/www.europesays.com\/fr\/333112\/","title":{"rendered":"Guerre en Ukraine\u00a0: \u00ab\u00a0une m\u00e9t\u00e9orite\u00a0\u00bb \u00e0 20 minutes de vol de Paris, la Russie et la Bi\u00e9lorussie vont tester le missile nucl\u00e9aire Orechnik"},"content":{"rendered":"<p class=\"paragraph text_align_left lp-f-body-02\">Du 12 au 16 septembre prochain, il faudra avoir les yeux vers la Bi\u00e9lorussie. <a href=\"https:\/\/www.leparisien.fr\/international\/dites-a-trump-que-je-lattends-ici-la-bielorussie-propose-daccueillir-des-pourparlers-de-paix-pour-lukraine-05-03-2025-Z7NF5SYYIRGJ5IU3GG7UOSCA4M.php\" target=\"_self\" rel=\"noopener\">L\u2019alli\u00e9 de Moscou<\/a> va accueillir \u00e0 ce moment-l\u00e0 <a href=\"https:\/\/www.leparisien.fr\/international\/ukraine\/guerre-en-ukraine-cest-quoi-limpressionnante-operation-tempete-de-juillet-lancee-en-mer-par-la-russie-23-07-2025-7IT6AZBZ6FFPJAVETQZZFXHIBM.php\" target=\"_self\" rel=\"noopener\">des essais militaires avec son voisin<\/a> russe, baptis\u00e9 Zapad-2025. Et pour l\u2019occasion le ministre bi\u00e9lorusse de la D\u00e9fense, Viktor Khrenin a confirm\u00e9 que les exercices se concentreront sur \u00ab l\u2019utilisation \u00bb des capacit\u00e9s nucl\u00e9aires des deux pays et notamment du syst\u00e8me Orechnik.<\/p>\n<p class=\"paragraph text_align_left lp-f-body-02\">Orechnik, qui veut dire \u00ab noisetier \u00bb en russe, est <a href=\"https:\/\/www.leparisien.fr\/international\/ukraine\/guerre-en-ukraine-cest-quoi-limpressionnante-operation-tempete-de-juillet-lancee-en-mer-par-la-russie-23-07-2025-7IT6AZBZ6FFPJAVETQZZFXHIBM.php\" target=\"_self\" rel=\"noopener\">l\u2019une des futures armes fortes du Kremlin<\/a>. Il s\u2019agit d\u2019un missile balistique hypersonique \u00e0 port\u00e9e interm\u00e9diaire. Autrement dit \u00ab une m\u00e9t\u00e9orite \u00bb, comme l\u2019avait d\u00e9crit <a href=\"https:\/\/www.leparisien.fr\/international\/vladimir-poutine\/\" target=\"_self\" rel=\"noopener\">Vladimir Poutine<\/a> lui-m\u00eame en novembre dernier lors d\u2019un sommet continental \u00e0 Astana.<\/p>\n<p>\u00ab Une menace pour la quasi-totalit\u00e9 de l\u2019Europe \u00bb<\/p>\n<p class=\"paragraph text_align_left lp-f-body-02\">Le pr\u00e9sident russe avait d\u00e9crit \u00e0 l\u2019\u00e9poque une arme redoutable dont la \u00ab temp\u00e9rature des \u00e9l\u00e9ments percutants atteint 4 000 \u00b0C \u00bb, soit presque autant selon lui \u00ab qu\u2019\u00e0 la surface du soleil \u00bb, entre \u00ab 5 500 et 6 000 degr\u00e9s \u00bb.<\/p>\n<p class=\"paragraph text_align_left lp-f-body-02\">Si ce syst\u00e8me de missile n\u2019est pas inconnu des sp\u00e9cialistes puisqu\u2019il a d\u00e9j\u00e0 \u00e9t\u00e9 test\u00e9 \u00e0 une seule reprise sur <a href=\"https:\/\/www.leparisien.fr\/international\/ukraine\/\" target=\"_self\" rel=\"noopener\">le front ukrainien<\/a> \u00e0 Dnipro en novembre, Moscou et Minsk d\u00e9voileront lors des Zapad-2025 une nouvelle version du missile \u00ab \u00e0 capacit\u00e9 nucl\u00e9aire \u00bb. Le commandant des forces russes de missiles strat\u00e9giques, Sergue\u00ef Karaka\u00efev, a d\u2019ores et d\u00e9j\u00e0 pr\u00e9venu que \u00ab l\u2019usage massif \u00bb de ce missile serait tout simplement <a href=\"https:\/\/www.leparisien.fr\/international\/ukraine\/plans-equipage-un-document-top-secret-saisi-par-lukraine-met-a-nu-le-kniaz-pojarski-le-nouveau-sous-marin-nucleaire-russe-04-08-2025-3PPDZGXHTZGNVN474RURCKX4MY.php\" target=\"_self\" rel=\"noopener\">\u00ab comparable \u00e0 l\u2019emploi de la bombe nucl\u00e9aire \u00bb<\/a>.<\/p>\n<p><img decoding=\"async\" class=\"image \" loading=\"lazy\" src=\"https:\/\/www.europesays.com\/fr\/wp-content\/uploads\/2025\/08\/OOQY5SONTRHDZBRPIL6ZWLEEH4.jpg\" alt=\"\" align=\"\" data-rubrique-principale=\"\" data-article-type=\"\" fetchpriority=\"auto\"\/><\/p>\n<p class=\"paragraph text_align_left lp-f-body-02\">Inqui\u00e9tant donc, d\u2019autant plus qu\u2019il pr\u00e9sente une port\u00e9e de 3 000 \u00e0 5 000 kilom\u00e8tres. S\u2019il \u00e9tait tir\u00e9 depuis l\u2019Extr\u00eame-Orient russe, il pourrait, th\u00e9oriquement, toucher des cibles sur la c\u00f4te ouest des <a href=\"https:\/\/www.leparisien.fr\/international\/etats-unis\/\" target=\"_blank\" rel=\"noopener\">\u00c9tats-Unis<\/a>. S\u2019il \u00e9tait tir\u00e9 depuis le site d\u2019essai de Kapustin Yar, base d\u2019o\u00f9 \u00e9tait parti le missile sur Dnipro le 21 novembre, il atteindrait Varsovie en 12 minutes, Berlin en 15 minutes, et Londres et Paris en 20 minutes. Le tout gr\u00e2ce \u00e0 sa vitesse de Mach 10, \u00ab soit 2,5 \u00e0 3 km par seconde \u00bb, ce qui reviendrait environ \u00e0 12 350 km\/h.<\/p>\n<p class=\"paragraph text_align_left lp-f-body-02\">\u00ab L\u2019Orechnik peut menacer la quasi-totalit\u00e9 de l\u2019Europe \u00bb, rel\u00e8ve de son c\u00f4t\u00e9 Pavel Podvig, chercheur \u00e0 l\u2019Institut des Nations unies pour la recherche sur le d\u00e9sarmement (Unidir) \u00e0 Gen\u00e8ve, dans un entretien au m\u00e9dia <a href=\"https:\/\/t.me\/s\/ostorozhno_novosti\" target=\"_blank\" rel=\"\">Ostorozhno Novosti<\/a>. D\u2019autant plus que les syst\u00e8mes de d\u00e9fense antimissile se r\u00e9v\u00e8leraient potentiellement inefficace pour contrer une telle arme.<\/p>\n<p class=\"title-embed-dailymotion lp-color-text lp-f-subtitle-04\">Vid\u00e9oGuerre en Ukraine\u00a0: \u00ab\u00a0la force russe des prochaines d\u00e9cennies\u00a0\u00bb, c\u2019est quoi le Kniaz Pojarski, le nouveau sous-marin nucl\u00e9aire de Poutine\u00a0?<\/p>\n<p class=\"paragraph text_align_left lp-f-body-02\">Bas\u00e9 sur le mod\u00e8le russe de missile balistique intercontinental RS-26 Roube et du RS-24 Iars, l\u2019Orechnik a vu sa production en s\u00e9rie d\u00e9buter en fin d\u2019ann\u00e9e derni\u00e8re. Avant une arriv\u00e9e massive sur le front en 2026 ?<\/p>\n","protected":false},"excerpt":{"rendered":"Du 12 au 16 septembre prochain, il faudra avoir les yeux vers la Bi\u00e9lorussie. L\u2019alli\u00e9 de Moscou va&hellip;\n","protected":false},"author":2,"featured_media":333113,"comment_status":"","ping_status":"","sticky":false,"template":"","format":"standard","meta":{"footnotes":""},"categories":[1888],"tags":[11,1777,674,1011,27,14,12,626,25,220],"class_list":{"0":"post-333112","1":"post","2":"type-post","3":"status-publish","4":"format-standard","5":"has-post-thumbnail","7":"category-paris","8":"tag-actualites","9":"tag-eu","10":"tag-europe","11":"tag-fr","12":"tag-france","13":"tag-international","14":"tag-news","15":"tag-paris","16":"tag-republique-francaise","17":"tag-ukraine"},"share_on_mastodon":{"url":"https:\/\/pubeurope.com\/@fr\/115064879572051668","error":""},"_links":{"self":[{"href":"https:\/\/www.europesays.com\/fr\/wp-json\/wp\/v2\/posts\/333112","targetHints":{"allow":["GET"]}}],"collection":[{"href":"https:\/\/www.europesays.com\/fr\/wp-json\/wp\/v2\/posts"}],"about":[{"href":"https:\/\/www.europesays.com\/fr\/wp-json\/wp\/v2\/types\/post"}],"author":[{"embeddable":true,"href":"https:\/\/www.europesays.com\/fr\/wp-json\/wp\/v2\/users\/2"}],"replies":[{"embeddable":true,"href":"https:\/\/www.europesays.com\/fr\/wp-json\/wp\/v2\/comments?post=333112"}],"version-history":[{"count":0,"href":"https:\/\/www.europesays.com\/fr\/wp-json\/wp\/v2\/posts\/333112\/revisions"}],"wp:featuredmedia":[{"embeddable":true,"href":"https:\/\/www.europesays.com\/fr\/wp-json\/wp\/v2\/media\/333113"}],"wp:attachment":[{"href":"https:\/\/www.europesays.com\/fr\/wp-json\/wp\/v2\/media?parent=333112"}],"wp:term":[{"taxonomy":"category","embeddable":true,"href":"https:\/\/www.europesays.com\/fr\/wp-json\/wp\/v2\/categories?post=333112"},{"taxonomy":"post_tag","embeddable":true,"href":"https:\/\/www.europesays.com\/fr\/wp-json\/wp\/v2\/tags?post=333112"}],"curies":[{"name":"wp","href":"https:\/\/api.w.org\/{rel}","templated":true}]}}