{"id":333114,"date":"2025-08-21T04:31:13","date_gmt":"2025-08-21T04:31:13","guid":{"rendered":"https:\/\/www.europesays.com\/fr\/333114\/"},"modified":"2025-08-21T04:31:13","modified_gmt":"2025-08-21T04:31:13","slug":"kim-jong-un-satisfait-des-actions-de-la-coree-du-nord-avec-la-russie-contre-kiev","status":"publish","type":"post","link":"https:\/\/www.europesays.com\/fr\/333114\/","title":{"rendered":"Kim Jong-un satisfait des actions de la Cor\u00e9e du Nord avec la Russie contre Kiev"},"content":{"rendered":"<p>L\u2019alliance entre Moscou et Pyongyang va bien et Kim Jong-un tient \u00e0 le faire savoir. Le dirigeant de la <a href=\"https:\/\/www.20minutes.fr\/monde\/coree_du_nord\/\" target=\"_blank\" class=\"c-link c-link--is-underlined\" rel=\"noopener\">Cor\u00e9e du Nord<\/a> a pour cela couvert d\u2019\u00e9loges ses troupes d\u00e9ploy\u00e9es en soutien \u00e0 la <a href=\"https:\/\/www.20minutes.fr\/monde\/russie\/\" target=\"_blank\" class=\"c-link c-link--is-underlined\" rel=\"noopener\">Russie<\/a>, lors d\u2019une r\u00e9union avec son commandement militaire.<\/p>\n<p><a href=\"https:\/\/www.20minutes.fr\/monde\/kim_jong_un\/\" target=\"_blank\" class=\"c-link c-link--is-underlined\" rel=\"noopener\">Kim Jong-un<\/a> \u00ab\u00a0a exprim\u00e9 ses encouragements chaleureux\u00a0\u00bb aux officiers et aux soldats servant dans la r\u00e9gion de Koursk en Russie, a indiqu\u00e9 ce jeudi l\u2019agence officielle KCNA.<\/p>\n<p>Poutine encense les troupes nord-cor\u00e9ennes<\/p>\n<p>\u00ab\u00a0Nous avons une arm\u00e9e h\u00e9ro\u00efque\u00a0\u00bb, a d\u00e9clar\u00e9 Kim Jong-Un dans un discours adress\u00e9 aux membres du commandement militaire nord-cor\u00e9en dans la capitale Pyongyang. \u00ab\u00a0Notre arm\u00e9e fait maintenant ce qu\u2019elle doit faire et ce qui doit \u00eatre fait. Elle continuera \u00e0 le faire \u00e0 l\u2019avenir \u00e9galement\u00a0\u00bb, a-t-il ajout\u00e9.<\/p>\n<\/p>\n<p>Les remarques du dirigeant nord-cor\u00e9en interviennent alors que le pr\u00e9sident am\u00e9ricain Donald Trump intensifie ses tentatives jusque-l\u00e0 infructueuses de r\u00e9gler le conflit entre la Russie et l\u2019<a href=\"https:\/\/www.20minutes.fr\/monde\/ukraine\/\" target=\"_blank\" class=\"c-link c-link--is-underlined\" rel=\"noopener\">Ukraine<\/a>, apr\u00e8s avoir tenu des discussions tr\u00e8s m\u00e9diatis\u00e9es avec les dirigeants des deux pays ces derniers jours. Mais le pr\u00e9sident russe <a href=\"https:\/\/www.20minutes.fr\/monde\/vladimir_poutine\/\" target=\"_blank\" class=\"c-link c-link--is-underlined\" rel=\"noopener\">Vladimir Poutine<\/a>, qui a \u00e9galement qualifi\u00e9 les troupes nord-cor\u00e9ennes d&rsquo;\u00ab\u00a0h\u00e9ro\u00efques\u00a0\u00bb la semaine derni\u00e8re, a jusqu\u2019\u00e0 pr\u00e9sent \u00e9vit\u00e9 de rencontrer son homologue ukrainien <a href=\"https:\/\/www.20minutes.fr\/monde\/volodymyr-zelensky\/\" target=\"_blank\" class=\"c-link c-link--is-underlined\" rel=\"noopener\">Volodymyr Zelensky<\/a> pour des pourparlers de paix.<\/p>\n<p>Environ 600 soldats nord-cor\u00e9ens tu\u00e9s<\/p>\n<p>La Russie et la Cor\u00e9e du Nord ont r\u00e9cemment consolid\u00e9 leurs liens, les deux pays ayant sign\u00e9 un pacte de d\u00e9fense mutuelle l\u2019ann\u00e9e derni\u00e8re, lors d\u2019une visite du pr\u00e9sident russe dans le pays. Et en avril, la Cor\u00e9e du Nord a confirm\u00e9 pour la premi\u00e8re fois qu\u2019elle avait d\u00e9ploy\u00e9 un contingent de ses soldats sur la ligne de front en Ukraine, aux c\u00f4t\u00e9s des troupes russes.<\/p>\n<p><a href=\"https:\/\/www.20minutes.fr\/monde\/ukraine\/\" target=\"_blank\" class=\"c-link c-btn c-btn--primary\" rel=\"noopener\">Notre dossier sur la Guerre en Ukraine<\/a><\/p>\n<p>Les services secrets de la Cor\u00e9e du Sud et de pays occidentaux ont affirm\u00e9 que Pyongyang avait envoy\u00e9 plus de 10.000 soldats dans la r\u00e9gion de Koursk en\u00a02024, ainsi que des obus d\u2019artillerie, des missiles et des syst\u00e8mes de roquettes \u00e0 longue port\u00e9e. Environ 600 soldats nord-cor\u00e9ens ont \u00e9t\u00e9 tu\u00e9s et des milliers ont \u00e9t\u00e9 bless\u00e9s en combattant pour la Russie, selon S\u00e9oul.<\/p>\n","protected":false},"excerpt":{"rendered":"L\u2019alliance entre Moscou et Pyongyang va bien et Kim Jong-un tient \u00e0 le faire savoir. Le dirigeant de&hellip;\n","protected":false},"author":2,"featured_media":333115,"comment_status":"","ping_status":"","sticky":false,"template":"","format":"standard","meta":{"footnotes":""},"categories":[1591],"tags":[47,11,13987,75,73,1887,131,15404,74,12,1885,1886,132,133,135,134],"class_list":{"0":"post-333114","1":"post","2":"type-post","3":"status-publish","4":"format-standard","5":"has-post-thumbnail","7":"category-russie","8":"tag-actualite","9":"tag-actualites","10":"tag-coree-du-nord","11":"tag-donald-trump","12":"tag-etats-unis","13":"tag-federation-de-russie","14":"tag-guerre-en-ukraine","15":"tag-kim-jong-un","16":"tag-monde","17":"tag-news","18":"tag-russia","19":"tag-russian-federation","20":"tag-russie","21":"tag-video","22":"tag-vladimir-poutine","23":"tag-volodymyr-zelensky"},"share_on_mastodon":{"url":"https:\/\/pubeurope.com\/@fr\/115064883387677160","error":""},"_links":{"self":[{"href":"https:\/\/www.europesays.com\/fr\/wp-json\/wp\/v2\/posts\/333114","targetHints":{"allow":["GET"]}}],"collection":[{"href":"https:\/\/www.europesays.com\/fr\/wp-json\/wp\/v2\/posts"}],"about":[{"href":"https:\/\/www.europesays.com\/fr\/wp-json\/wp\/v2\/types\/post"}],"author":[{"embeddable":true,"href":"https:\/\/www.europesays.com\/fr\/wp-json\/wp\/v2\/users\/2"}],"replies":[{"embeddable":true,"href":"https:\/\/www.europesays.com\/fr\/wp-json\/wp\/v2\/comments?post=333114"}],"version-history":[{"count":0,"href":"https:\/\/www.europesays.com\/fr\/wp-json\/wp\/v2\/posts\/333114\/revisions"}],"wp:featuredmedia":[{"embeddable":true,"href":"https:\/\/www.europesays.com\/fr\/wp-json\/wp\/v2\/media\/333115"}],"wp:attachment":[{"href":"https:\/\/www.europesays.com\/fr\/wp-json\/wp\/v2\/media?parent=333114"}],"wp:term":[{"taxonomy":"category","embeddable":true,"href":"https:\/\/www.europesays.com\/fr\/wp-json\/wp\/v2\/categories?post=333114"},{"taxonomy":"post_tag","embeddable":true,"href":"https:\/\/www.europesays.com\/fr\/wp-json\/wp\/v2\/tags?post=333114"}],"curies":[{"name":"wp","href":"https:\/\/api.w.org\/{rel}","templated":true}]}}