{"id":333116,"date":"2025-08-21T04:32:21","date_gmt":"2025-08-21T04:32:21","guid":{"rendered":"https:\/\/www.europesays.com\/fr\/333116\/"},"modified":"2025-08-21T04:32:21","modified_gmt":"2025-08-21T04:32:21","slug":"quelles-garanties-de-securite-pour-lukraine-en-cas-de-cessez-le-feu-un-specialiste-decrypte","status":"publish","type":"post","link":"https:\/\/www.europesays.com\/fr\/333116\/","title":{"rendered":"Quelles garanties de s\u00e9curit\u00e9 pour l\u2019Ukraine en cas de cessez-le-feu\u00a0? Un sp\u00e9cialiste d\u00e9crypte"},"content":{"rendered":"<p>        <img decoding=\"async\" loading=\"lazy\" src=\"https:\/\/www.europesays.com\/fr\/wp-content\/uploads\/2025\/08\/ff92a76_upload-1-1ebccy5uuze0-000-69v92fv.jpg\"  width=\"728\" height=\"409\" alt=\"Emmanuel Macron, Donald Trump et Volodymyr Zelensky, lundi 18\u00a0ao\u00fbt, \u00e0 la Maison Blanche.\"\/>  <\/p>\n<p>ANDREW CABALLERO-REYNOLDS \/ AFP<\/p>\n<p>Emmanuel Macron, Donald Trump et Volodymyr Zelensky, lundi 18\u00a0ao\u00fbt, \u00e0 la Maison Blanche.<\/p>\n<p class=\"asset asset-text\">GUERRE EN UKRAINE &#8211; Au moment o\u00f9 la valse diplomatique autour de la r\u00e9solution de la guerre en Ukraine s\u2019acc\u00e9l\u00e8re, une question\u00a0s\u2019impose au centre des d\u00e9bats\u00a0: quelles garanties de s\u00e9curit\u00e9 accorder \u00e0 l\u2019Ukraine en cas de <a href=\"https:\/\/www.huffingtonpost.fr\/international\/article\/guerre-en-ukraine-cessez-le-feu-ou-accord-de-paix-pourquoi-la-question-est-si-cruciale-pour-kiev_253745.html\" target=\"_blank\" rel=\"noopener\">cessez-le-feu avec la Russie<\/a>\u00a0? Le sujet a notamment \u00e9t\u00e9 abord\u00e9 ce mercredi 20\u00a0ao\u00fbt lors d\u2019une r\u00e9union en visio conf\u00e9rence des chefs d\u2019\u00e9tat-major des 32 pays de<a href=\"https:\/\/www.huffingtonpost.fr\/international\/article\/guerre-en-ukraine-l-otan-promet-40-milliards-d-euros-et-des-f-16-a-kiev-pour-reaffirmer-son-soutien_236754.html\" target=\"_blank\" rel=\"noopener\"> l\u2019OTAN<\/a>.<\/p>\n<p class=\"asset asset-text\">Tout l\u2019enjeu pour les Occidentaux est d\u2019assurer \u00e0 l\u2019Ukraine que le conflit ne reprendra pas si elle accepte un cessez-le-feu, sans pour autant braquer la Russie en vue des n\u00e9gociations pour un accord de paix durable, \u00e0 quelques semaines d\u2019une <a href=\"https:\/\/www.huffingtonpost.fr\/international\/article\/poutine-a-sa-propre-idee-pour-sa-potentielle-rencontre-avec-zelensky-et-ce-n-est-ni-la-suisse-ni-le-vatican_253755.html\" target=\"_blank\" rel=\"noopener\">rencontre \u00e9ventuelle<\/a> entre le pr\u00e9sident ukrainien Volodymyr Zelensky et son homologue russe Vladimir Poutine.<\/p>\n<p class=\"asset asset-text\">Les alli\u00e9s de Kiev \u00ab\u00a0sont tous d\u2019accord sur le fait que l\u2019Ukraine a besoin de garanties de s\u00e9curit\u00e9. Mais il y a des divergences sur les modalit\u00e9s de mise en place de ces garanties\u00a0\u00bb, rappelle Ulrich Bounat, g\u00e9opolitologue sp\u00e9cialiste de la guerre en Ukraine, interrog\u00e9 par Le HuffPost. \u00ab\u00a0Ce sera l\u2019un des points durs\u00a0\u00bb des pourparlers des prochains jours, assure-t-il.<\/p>\n<p class=\"asset asset-text\">Selon le sp\u00e9cialiste, il existe \u00ab\u00a0trois types de garanties de s\u00e9curit\u00e9\u00a0\u00bb possibles. \u00ab\u00a0La premi\u00e8re d\u2019entre elles \u2013 qui fait consensus \u2013 consiste \u00e0 fournir du mat\u00e9riel \u00e0 l\u2019arm\u00e9e ukrainienne pour qu\u2019elle soit en mesure de se d\u00e9fendre\u00a0\u00bb, commence-t-il par exposer.<\/p>\n<p>                     Un d\u00e9ploiement de soldats europ\u00e9ens sur le sol ukrainien\u00a0?    <\/p>\n<p class=\"asset asset-text\">\u00ab\u00a0La deuxi\u00e8me garantie est la mise en place d\u2019une \u201cno fly zone\u201d, c\u2019est-\u00e0-dire une zone d\u2019exclusion a\u00e9rienne qui viserait \u00e0 emp\u00eacher les missiles et les avions russes de p\u00e9n\u00e9trer\u00a0l\u2019espace a\u00e9rien ukrainien\u00a0\u00bb, poursuit-il. Mardi 19\u00a0ao\u00fbt, Donald Trump a d\u2019ailleurs d\u00e9clar\u00e9 dans une interview \u00e0 Fox News qu\u2019un soutien a\u00e9rien am\u00e9ricain pourrait faire partie des garanties de s\u00e9curit\u00e9 accord\u00e9es \u00e0 l\u2019Ukraine. Cependant, selon Ulrich Bounat, cela ne signifie pas forc\u00e9ment une participation \u00e0 la \u00ab\u00a0no fly zone\u00a0\u00bb. On peut interpr\u00e9ter cette d\u00e9claration comme l\u2019intention de mettre en place \u00ab\u00a0une simple surveillance a\u00e9rienne, de fa\u00e7on \u00e0 identifier en temps r\u00e9el les menaces\u00a0\u00bb, dit-il.<\/p>\n<p class=\"asset asset-text\">La troisi\u00e8me et plus \u00e9pineuse des garanties envisageables est le d\u00e9ploiement de troupes sur le sol ukrainien. \u00c0 ce titre, le pr\u00e9sident am\u00e9ricain a d\u00e9clar\u00e9 mardi que les Europ\u00e9ens \u00e9taient \u00ab\u00a0pr\u00eats \u00e0 envoyer des troupes sur le terrain\u00a0\u00bb ukrainien, tout en affirmant que la pr\u00e9sence de soldats am\u00e9ricains \u00e9tait \u00e9cart\u00e9e. Cette id\u00e9e est notamment port\u00e9e par la France et le Royaume-Uni, \u00e0 travers la \u00ab\u00a0coalition des volontaires\u00a0\u00bb, un regroupement d\u2019une trentaine de pays majoritairement europ\u00e9ens soutenant l\u2019Ukraine.<\/p>\n<p class=\"asset asset-text\">Dans un tel cas de figure, on pourrait voir arriver en Ukraine \u00ab\u00a0un contingent de quelques milliers d\u2019hommes\u00a0\u00bb, pr\u00e9dit Ulrich Bounat. \u00ab\u00a0Il ne s\u2019agirait pas d\u2019une pr\u00e9sence en premi\u00e8re ligne mais de soldats d\u00e9ploy\u00e9s tr\u00e8s en arri\u00e8re du front, notamment pour faire de la formation ou du d\u00e9minage. Leur r\u00f4le premier ne serait pas de combattre\u00a0\u00bb, temp\u00e8re-t-il. Leur pr\u00e9sence aurait surtout \u00ab\u00a0un effet symbolique majeur puisque si la Russie attaque \u00e0 nouveau l\u2019Ukraine en pr\u00e9sence de troupes europ\u00e9ennes, cela reviendrait \u00e0 une d\u00e9claration de guerre\u00a0\u00bb, d\u00e9crypte le g\u00e9opolitologue. Certains pays, comme l\u2019Italie sont cependant oppos\u00e9s \u00e0 cette mesure.<\/p>\n<p>                     Vers une application de l\u2019article\u00a05 de l\u2019Otan\u00a0?    <\/p>\n<p class=\"asset asset-text\">Au-del\u00e0 de ces mesures, certains alli\u00e9s de Kiev ont \u00e9galement envisag\u00e9 une autre piste comme garantie de s\u00e9curit\u00e9\u00a0: l\u2019application de l\u2019article\u00a05 de l\u2019OTAN \u00e0 l\u2019Ukraine, sans pour autant int\u00e9grer le pays \u00e0 l\u2019organisation transatlantique. D\u00e8s le mois de mars, la chef du gouvernement italien Giorgia Meloni avait plaid\u00e9 pour cette option. Plus r\u00e9cemment, l\u2019\u00e9missaire am\u00e9ricain Steve Witkoff a avanc\u00e9 cette piste \u00e0 l\u2019issue de la rencontre entre Vladimir Poutine et Donald Trump en Alaska, affirmant de fa\u00e7on pr\u00e9cipit\u00e9e que le pr\u00e9sident russe ne s\u2019y \u00e9tait pas oppos\u00e9, avant de revenir sur ses propos.<\/p>\n<p class=\"asset asset-text\">Ce texte pr\u00e9voit que toute \u00ab\u00a0attaque contre l\u2019un est une attaque contre tous\u00a0\u00bb et permet ainsi \u00ab\u00a0l\u2019emploi de la force arm\u00e9e\u00a0\u00bb comme l\u2019une des options d\u2019assistance possibles en cas d\u2019agression d\u2019un alli\u00e9. Les pays membres de l\u2019Otan s\u2019engageraient donc \u00e0 intervenir aux c\u00f4t\u00e9s de l\u2019arm\u00e9e ukrainienne si la Russie m\u00e8ne une nouvelle offensive apr\u00e8s la conclusion d\u2019un accord de cessez-le-feu. Cette strat\u00e9gie pr\u00e9sente l\u2019avantage de respecter la demande russe de non-int\u00e9gration de l\u2019Ukraine \u00e0 l\u2019Otan, <a href=\"https:\/\/www.huffingtonpost.fr\/international\/article\/avant-la-rencontre-trump-zelensky-le-president-americain-donne-le-ton-sur-son-reseau-truth-social_253692.html\" target=\"_blank\" rel=\"noopener\">\u00e0 laquelle s\u2019est d\u2019ailleurs rang\u00e9e Donald Trump.<\/a><\/p>\n<p class=\"asset asset-text\">\u00ab\u00a0Cela peut avoir un effet dissuasif, mais aux yeux des Ukrainiens un tel engagement ne peut pas remplacer une pr\u00e9sence militaire\u00a0\u00bb effective imm\u00e9diatement, estime Ulrich Bounat. Par ailleurs, \u00ab\u00a0il est peu probable que les \u00c9tats-Unis\u00a0\u00bb acceptent de faire une telle promesse, ajoute-t-il.<\/p>\n<p class=\"asset asset-text\">De son c\u00f4t\u00e9, la Russie a d\u00e9j\u00e0 commenc\u00e9 \u00e0 exprimer des r\u00e9ticences quant aux garanties de s\u00e9curit\u00e9 apport\u00e9es \u00e0 l\u2019Ukraine. Ce mercredi, le chef de la diplomatie russe Sergue\u00ef Lavrov a pr\u00e9venu que toute discussion qui ne prendrait pas en compte la position de Moscou m\u00e8nerait \u00ab\u00a0nulle part\u00a0\u00bb. La veille, le Kremlin avait revendiqu\u00e9 le droit de se voir accorder lui aussi des garanties de s\u00e9curit\u00e9.<\/p>\n","protected":false},"excerpt":{"rendered":"ANDREW CABALLERO-REYNOLDS \/ AFP Emmanuel Macron, Donald Trump et Volodymyr Zelensky, lundi 18\u00a0ao\u00fbt, \u00e0 la Maison Blanche. GUERRE&hellip;\n","protected":false},"author":2,"featured_media":333117,"comment_status":"","ping_status":"","sticky":false,"template":"","format":"standard","meta":{"footnotes":""},"categories":[1590],"tags":[11,554,73,1777,674,131,14,12,136,132,220],"class_list":{"0":"post-333116","1":"post","2":"type-post","3":"status-publish","4":"format-standard","5":"has-post-thumbnail","7":"category-ukraine","8":"tag-actualites","9":"tag-defense","10":"tag-etats-unis","11":"tag-eu","12":"tag-europe","13":"tag-guerre-en-ukraine","14":"tag-international","15":"tag-news","16":"tag-otan","17":"tag-russie","18":"tag-ukraine"},"share_on_mastodon":{"url":"https:\/\/pubeurope.com\/@fr\/115064887567047692","error":""},"_links":{"self":[{"href":"https:\/\/www.europesays.com\/fr\/wp-json\/wp\/v2\/posts\/333116","targetHints":{"allow":["GET"]}}],"collection":[{"href":"https:\/\/www.europesays.com\/fr\/wp-json\/wp\/v2\/posts"}],"about":[{"href":"https:\/\/www.europesays.com\/fr\/wp-json\/wp\/v2\/types\/post"}],"author":[{"embeddable":true,"href":"https:\/\/www.europesays.com\/fr\/wp-json\/wp\/v2\/users\/2"}],"replies":[{"embeddable":true,"href":"https:\/\/www.europesays.com\/fr\/wp-json\/wp\/v2\/comments?post=333116"}],"version-history":[{"count":0,"href":"https:\/\/www.europesays.com\/fr\/wp-json\/wp\/v2\/posts\/333116\/revisions"}],"wp:featuredmedia":[{"embeddable":true,"href":"https:\/\/www.europesays.com\/fr\/wp-json\/wp\/v2\/media\/333117"}],"wp:attachment":[{"href":"https:\/\/www.europesays.com\/fr\/wp-json\/wp\/v2\/media?parent=333116"}],"wp:term":[{"taxonomy":"category","embeddable":true,"href":"https:\/\/www.europesays.com\/fr\/wp-json\/wp\/v2\/categories?post=333116"},{"taxonomy":"post_tag","embeddable":true,"href":"https:\/\/www.europesays.com\/fr\/wp-json\/wp\/v2\/tags?post=333116"}],"curies":[{"name":"wp","href":"https:\/\/api.w.org\/{rel}","templated":true}]}}