{"id":333118,"date":"2025-08-21T04:33:16","date_gmt":"2025-08-21T04:33:16","guid":{"rendered":"https:\/\/www.europesays.com\/fr\/333118\/"},"modified":"2025-08-21T04:33:16","modified_gmt":"2025-08-21T04:33:16","slug":"la-balance-commerciale-est-positive-pour-nos-departements","status":"publish","type":"post","link":"https:\/\/www.europesays.com\/fr\/333118\/","title":{"rendered":"la balance commerciale est positive pour nos d\u00e9partements"},"content":{"rendered":"<p>Le \u00ab Liberation Day\u00a0\u00bb sera-t-il \u00e9galement le jour de l&rsquo;ind\u00e9pendance \u00e9conomique des \u00c9tats-Unis ? <a href=\"https:\/\/www.ledauphine.com\/economie\/2025\/08\/07\/des-milliards-de-dollars-de-droits-de-douane-affluent-aux-etats-unis\" target=\"_blank\" rel=\"noopener\">L&rsquo;espoir est caress\u00e9 par\u00a0Donald Trump<\/a> en augmentant les droits de douane impos\u00e9s \u00e0 la majeure partie de ses partenaires commerciaux. <\/p>\n<p><a href=\"https:\/\/www.ledauphine.com\/economie\/2025\/08\/07\/droits-de-douane-les-surtaxes-voulues-par-donald-trump-entrent-en-vigueur-ce-jeudi\" target=\"_blank\" rel=\"noopener\">Entr\u00e9e en vigueur le 7 ao\u00fbt dernier<\/a>, pr\u00e9voyant un taux de 15 % sur les produits europ\u00e9ens, la mesure est lourde de sens pour l&rsquo;Hexagone : la premi\u00e8re puissance mondiale n&rsquo;est autre que son deuxi\u00e8me client.\u00a0<\/p>\n<p>Quatri\u00e8me partenaire commercial de nos d\u00e9partements, les \u00c9tats-Unis repr\u00e9sentent plus de 4 milliards d&rsquo;euros d&rsquo;exportations durant les quatre derniers trimestres. Avec pr\u00e8s de 6% de nos \u00e9changes vers le pays de l&rsquo;Oncle Sam, nos d\u00e9partements ont une d\u00e9pendance mesur\u00e9e mais certaine dans les produits transform\u00e9s de l&rsquo;industrie chimique, la m\u00e9tallurgie\/m\u00e9canique mais \u00e9galement dans les domaines de la sant\u00e9, la plasturgie et le num\u00e9rique\/\u00e9lectronique, qui \u00ab\u00a0apparaissent \u00e9galement comme des secteurs d&rsquo;activit\u00e9 structurants de l&rsquo;export r\u00e9gional\u00a0\u00bb, d\u00e9taille le P\u00f4le intelligence \u00e9conomique et territoriale (IET) d&rsquo;Auvergne-Rh\u00f4ne-Alpes dans son \u00e9tude <a href=\"https:\/\/www.auvergnerhonealpes-entreprises.fr\/blog\/nos-publications-3\/scan-export-auvergne-rhone-alpes-2477#:~:text=Avec%20plus%20de%2071%20milliards,pour%20la%20deuxi%C3%A8me%20ann%C3%A9e%20cons%C3%A9cutive.\" target=\"_blank\" rel=\"noopener\">Scan Export<\/a>.<\/p>\n<p>  Une balance commerciale positive<\/p>\n<p>Contrairement \u00e0 la balance commerciale nationale (-79,5 milliards \u20ac en 2024 selon l&rsquo;Insee) et r\u00e9gionale (-5 milliards \u20ac), nos d\u00e9partements enregistrent\u00a0un solde positif vers les \u00c9tats-Unis : + 2,6 milliards du deuxi\u00e8me trimestre 2024 au premier trimestre 2025.\u00a0Malgr\u00e9 les interrogations des premiers mois, les \u00e9changes n&rsquo;ont pas p\u00e2ti des annonces trumpiennes. Nos d\u00e9partements consolident, au contraire, leur position en enregistrant un solde positif au premier trimestre 2025 de plus de 468,86 millions d&rsquo;euros. De quoi r\u00e9conforter les professionnels du secteur.<\/p>\n<p>En trompe l&rsquo;\u0153il, le commerce ext\u00e9rieur au sein de nos d\u00e9partements se distingue par une grande h\u00e9t\u00e9rog\u00e9n\u00e9it\u00e9 selon les territoires. En t\u00eate de peloton, la Dr\u00f4me &#8211;\u00a0avantageusement positionn\u00e9e dans la vall\u00e9e du Rh\u00f4ne &#8211;\u00a0se d\u00e9marque avec plus d&rsquo;un tiers des flux et des exportations dix fois sup\u00e9rieures aux importations. Elle est talonn\u00e9e par l&rsquo;Is\u00e8re, dop\u00e9e par l&rsquo;industrie chimique, \u00e9lectronique et pharmaceutique et sa proximit\u00e9 avec le p\u00f4le lyonnais.<\/p>\n<p>  Les chiffres d\u00e9partement par d\u00e9partement<\/p>\n<p>Pour vous donner \u00e0 voir les donn\u00e9es brutes des \u00e9changes commerciaux de nos d\u00e9partements, Le Dauphin\u00e9 vous propose une carte interactive (voir ci-dessous). Elle a \u00e9t\u00e9 r\u00e9alis\u00e9e\u00a0\u00e0 partir\u00a0des donn\u00e9es les plus r\u00e9centes de la <a href=\"https:\/\/lekiosque.finances.gouv.fr\/site_fr\/regions\/data_region.asp?lreg=1800\" target=\"_blank\" rel=\"noopener\">Direction g\u00e9n\u00e9rale des douanes et droits indirects<\/a>.\u00a0Ces chiffres bruts couvrent les trois derniers trimestres de l&rsquo;ann\u00e9e 2024 et le premier trimestre 2025.\u00a0<\/p>\n<p>Pour chaque d\u00e9partement, le montant des exportations et importations est indiqu\u00e9 pour la p\u00e9riode concern\u00e9e et pour le premier trimestre 2025. La part de la balance commerciale avec les \u00c9tats-Unis est rapport\u00e9e \u00e0 l&rsquo;ensemble des \u00e9changes ext\u00e9rieures. Vous d\u00e9couvrirez \u00e9galement les trois principaux produits export\u00e9s vers l&rsquo;Am\u00e9rique<\/p>\n<p class=\"insetTitle\">La chartreuse : le savoir-faire fran\u00e7ais s&rsquo;exporte aux \u00c9tats-Unis<\/p>\n<p>Bas\u00e9s \u00e0\u00a0Entre-Deux-Guiers\u00a0en Is\u00e8re, les moines de la distillerie d&rsquo;Aiguenoire produisent la liqueur \u00e0 succ\u00e8s chartreuse. Ce succ\u00e8s s&rsquo;est export\u00e9 aux \u00c9tats-Unis o\u00f9 <a href=\"https:\/\/www.ledauphine.com\/economie\/2023\/05\/19\/un-cul-sec-avec-tarantino-une-bouteille-refusee-par-la-reine-des-records-de-ventes-au-danemark-connaissez-vous-tout-de-la-chartreuse\" target=\"_blank\" rel=\"noopener\">la boisson a \u00e9t\u00e9 popularis\u00e9e par des c\u00e9l\u00e9brit\u00e9s de renom<\/a> \u00a0: Frank Zappa, Quentin Tarantino, Bruce Springsteen ou encore ZZ Top. \u00ab\u00a0La chartreuse, la seule liqueur si bonne qu&rsquo;elle a donn\u00e9 son nom \u00e0 une couleur\u00a0\u00bb,\u00a0s&rsquo;exclame Tarantino dans son film Boulevard de la mort (2007).<\/p>\n<p>La boisson s&rsquo;arrache d\u00e9sormais \u00e0 prix d&rsquo;or outre-Atlantique. \u00c0 tel point que les boutiques sp\u00e9cialis\u00e9es sont d\u00e9valis\u00e9es au moindre arrivage, cr\u00e9ant des p\u00e9nuries de stocks r\u00e9guli\u00e8res depuis plus de deux ans. Et pour cause : depuis 2020, les ventes ont \u00e9t\u00e9 multipli\u00e9es par deux et repr\u00e9sentent une part importante du chiffre d&rsquo;affaires de la soci\u00e9t\u00e9 Chartreuse Diffusion. En 2021, l&rsquo;entreprise d\u00e9clarait pr\u00e8s de 9 millions d&rsquo;euros d&rsquo;exportation, soit 50% de ses revenus.\u00a0<\/p>\n","protected":false},"excerpt":{"rendered":"Le \u00ab Liberation Day\u00a0\u00bb sera-t-il \u00e9galement le jour de l&rsquo;ind\u00e9pendance \u00e9conomique des \u00c9tats-Unis ? L&rsquo;espoir est caress\u00e9 par\u00a0Donald&hellip;\n","protected":false},"author":2,"featured_media":333119,"comment_status":"","ping_status":"","sticky":false,"template":"","format":"standard","meta":{"footnotes":""},"categories":[1589],"tags":[11,4646,9810,2730,33,47025,73,1866,107,4522,4638,881,108,6225,12,5508,273,1864,1865,1863,308,4520],"class_list":{"0":"post-333118","1":"post","2":"type-post","3":"status-publish","4":"format-standard","5":"has-post-thumbnail","7":"category-etats-unis","8":"tag-actualites","9":"tag-ardeche","10":"tag-direct-entreprises","11":"tag-drome","12":"tag-economie","13":"tag-entre-deux-guiers","14":"tag-etats-unis","15":"tag-etats-unis-damerique","16":"tag-fil-info","17":"tag-haute-provence","18":"tag-haute-savoie","19":"tag-hautes-alpes","20":"tag-isere","21":"tag-la-matinale","22":"tag-news","23":"tag-savoie","24":"tag-selection-de-la-redaction","25":"tag-united-states","26":"tag-united-states-of-america","27":"tag-us","28":"tag-usa","29":"tag-vaucluse"},"share_on_mastodon":{"url":"https:\/\/pubeurope.com\/@fr\/115064891368502655","error":""},"_links":{"self":[{"href":"https:\/\/www.europesays.com\/fr\/wp-json\/wp\/v2\/posts\/333118","targetHints":{"allow":["GET"]}}],"collection":[{"href":"https:\/\/www.europesays.com\/fr\/wp-json\/wp\/v2\/posts"}],"about":[{"href":"https:\/\/www.europesays.com\/fr\/wp-json\/wp\/v2\/types\/post"}],"author":[{"embeddable":true,"href":"https:\/\/www.europesays.com\/fr\/wp-json\/wp\/v2\/users\/2"}],"replies":[{"embeddable":true,"href":"https:\/\/www.europesays.com\/fr\/wp-json\/wp\/v2\/comments?post=333118"}],"version-history":[{"count":0,"href":"https:\/\/www.europesays.com\/fr\/wp-json\/wp\/v2\/posts\/333118\/revisions"}],"wp:featuredmedia":[{"embeddable":true,"href":"https:\/\/www.europesays.com\/fr\/wp-json\/wp\/v2\/media\/333119"}],"wp:attachment":[{"href":"https:\/\/www.europesays.com\/fr\/wp-json\/wp\/v2\/media?parent=333118"}],"wp:term":[{"taxonomy":"category","embeddable":true,"href":"https:\/\/www.europesays.com\/fr\/wp-json\/wp\/v2\/categories?post=333118"},{"taxonomy":"post_tag","embeddable":true,"href":"https:\/\/www.europesays.com\/fr\/wp-json\/wp\/v2\/tags?post=333118"}],"curies":[{"name":"wp","href":"https:\/\/api.w.org\/{rel}","templated":true}]}}