{"id":333120,"date":"2025-08-21T04:34:11","date_gmt":"2025-08-21T04:34:11","guid":{"rendered":"https:\/\/www.europesays.com\/fr\/333120\/"},"modified":"2025-08-21T04:34:11","modified_gmt":"2025-08-21T04:34:11","slug":"le-royaume-uni-en-plein-doute-sur-lavenir-du-palais-de-buckingham","status":"publish","type":"post","link":"https:\/\/www.europesays.com\/fr\/333120\/","title":{"rendered":"Le Royaume-Uni en plein doute sur l\u2019avenir du palais de Buckingham"},"content":{"rendered":"<p>Au <a href=\"https:\/\/www.20minutes.fr\/monde\/royaume-uni\/\" target=\"_blank\" class=\"c-link c-link--is-underlined\" rel=\"noopener\">Royaume-Uni<\/a>, l\u2019avenir du <a href=\"https:\/\/www.20minutes.fr\/dossier\/buckingham_palace\" target=\"_blank\" class=\"c-link c-link--is-underlined\" rel=\"noopener\">palais de Buckingham<\/a> interroge. Et les sp\u00e9culations ont repris depuis que le prince h\u00e9ritier William et sa famille ont pr\u00e9vu de s\u2019installer dans une nouvelle propri\u00e9t\u00e9 sur le domaine de Windsor.<\/p>\n<p>Selon le tablo\u00efd The Sun, le couple princier et ses trois enfants ont trouv\u00e9 en Forest Lodge, manoir de huit chambres \u00e0 l\u2019ouest de Londres, leur \u00ab\u00a0maison pour toujours\u00a0\u00bb. Le palais de Kensington, qui g\u00e8re leur communication, a confirm\u00e9 que la famille allait d\u00e9m\u00e9nager \u00ab\u00a0plus tard cette ann\u00e9e\u00a0\u00bb. Elle vivait d\u00e9j\u00e0 sur le domaine royal, dans un logement plus petit.<\/p>\n<p>Une attraction tr\u00e8s pris\u00e9e des touristes<\/p>\n<p>Si le futur roi s\u2019installe d\u00e9finitivement \u00e0 Windsor, le palais de Buckingham cessera d\u2019\u00eatre la r\u00e9sidence officielle du monarque britannique comme elle l\u2019\u00e9tait depuis\u00a01837. Pour le commentateur royal Richard Fitzwilliams, ce \u00ab\u00a0serait une catastrophe si Buckingham \u00e9tait mis \u00e0 l\u2019\u00e9cart\u00a0\u00bb. \u00ab\u00a0C\u2019est un b\u00e2timent embl\u00e9matique, comparable \u00e0 la Maison-Blanche et connu dans le monde entier\u00a0\u00bb.<\/p>\n<\/p>\n<p>Situ\u00e9 au c\u0153ur de la capitale, le palais aux 755 pi\u00e8ces est une attraction tr\u00e8s pris\u00e9e des touristes. Environ 500.000 le visitent chaque ann\u00e9e durant les mois d\u2019\u00e9t\u00e9. D\u2019un point de vue institutionnel, c\u2019est le c\u0153ur battant de la monarchie britannique, avec ses nombreuses c\u00e9r\u00e9monies officielles, garden-parties estivales et son c\u00e9l\u00e8bre balcon, d\u2019o\u00f9 la famille royale salue le public lors de c\u00e9r\u00e9monies comme l\u2019anniversaire du roi.<\/p>\n<p>Le <a href=\"https:\/\/www.20minutes.fr\/dossier\/prince_charles\" target=\"_blank\" class=\"c-link c-link--is-underlined\" rel=\"noopener\">roi Charles III<\/a>, 76 ans, n\u2019y habite cependant pas, car d\u2019importants travaux de r\u00e9novation y sont en cours. Un chantier \u00e9valu\u00e9 \u00e0 369\u00a0millions de livres (426\u00a0millions d\u2019euros) et qui doit durer jusqu\u2019en\u00a02027. Charles, qui a annonc\u00e9 d\u00e9but\u00a02024 souffrir d\u2019un cancer, a par contre assur\u00e9 qu\u2019il comptait faire du palais de Buckingham sa base londonienne une fois les travaux achev\u00e9s. Reste que \u00ab\u00a0compte tenu de son combat contre le cancer, cela pourrait ne pas arriver\u00a0\u00bb souligne Richard Fitzwilliams. Le monarque n\u2019a d\u2019ailleurs jamais cach\u00e9 pr\u00e9f\u00e9rer sa r\u00e9sidence de Clarence House, \u00e0 Londres, o\u00f9 il vit depuis\u00a02003.<\/p>\n<p>Une famille aux nombreuses propri\u00e9t\u00e9s<\/p>\n<p>Buckingham palace n\u2019est qu\u2019une des nombreuses propri\u00e9t\u00e9s utilis\u00e9es par la famille royale, qu\u2019elles soient priv\u00e9es ou appartenant \u00e0 la Couronne. Les r\u00e9sidences pr\u00e9f\u00e9r\u00e9es de la d\u00e9funte reine Elizabeth II \u00e9taient le ch\u00e2teau de Windsor et le ch\u00e2teau de Balmoral, en \u00c9cosse, o\u00f9 elle se retirait chaque \u00e9t\u00e9. Les No\u00ebls \u00e9taient eux pass\u00e9s \u00e0 Sandringham House, dans l\u2019est de l\u2019Angleterre. Charles, lui, s\u2019est beaucoup investi dans sa r\u00e9sidence de Highgrove House dans l\u2019ouest de l\u2019Angleterre, o\u00f9 il a con\u00e7u des jardins et une ferme enti\u00e8rement biologique.<\/p>\n<p><a href=\"https:\/\/www.20minutes.fr\/monde\/royaume-uni\/\" target=\"_blank\" class=\"c-link c-btn c-btn--primary\" rel=\"noopener\">Notre dossier sur le Royaume-Uni<\/a><\/p>\n<p>Quant \u00e0 William et Kate, ils disposent \u00e9galement de plusieurs r\u00e9sidences, \u00e0 Londres et dans la campagne anglaise. William n\u2019a jamais abord\u00e9 la question de l\u2019avenir du palais de Buckingham. Selon le Daily Mail, il pourrait, une fois devenu roi, s\u2019inscrire dans les pas de son p\u00e8re en ouvrant davantage l\u2019institution au public.<\/p>\n","protected":false},"excerpt":{"rendered":"Au Royaume-Uni, l\u2019avenir du palais de Buckingham interroge. Et les sp\u00e9culations ont repris depuis que le prince h\u00e9ritier&hellip;\n","protected":false},"author":2,"featured_media":333121,"comment_status":"","ping_status":"","sticky":false,"template":"","format":"standard","meta":{"footnotes":""},"categories":[1588],"tags":[47,11,29983,581,1777,674,5072,4534,17380,74,12,3936,473,1853,1851,1850,1852,133],"class_list":{"0":"post-333120","1":"post","2":"type-post","3":"status-publish","4":"format-standard","5":"has-post-thumbnail","7":"category-royaume-uni","8":"tag-actualite","9":"tag-actualites","10":"tag-buckingham-palace","11":"tag-charles-iii","12":"tag-eu","13":"tag-europe","14":"tag-grande-bretagne","15":"tag-londres","16":"tag-monarchie","17":"tag-monde","18":"tag-news","19":"tag-prince-william","20":"tag-royaume-uni","21":"tag-royaume-uni-de-grande-bretagne-et-dirlande-du-nord","22":"tag-uk","23":"tag-united-kingdom","24":"tag-united-kingdom-of-great-britain-and-northern-ireland","25":"tag-video"},"share_on_mastodon":{"url":"https:\/\/pubeurope.com\/@fr\/115064895128325419","error":""},"_links":{"self":[{"href":"https:\/\/www.europesays.com\/fr\/wp-json\/wp\/v2\/posts\/333120","targetHints":{"allow":["GET"]}}],"collection":[{"href":"https:\/\/www.europesays.com\/fr\/wp-json\/wp\/v2\/posts"}],"about":[{"href":"https:\/\/www.europesays.com\/fr\/wp-json\/wp\/v2\/types\/post"}],"author":[{"embeddable":true,"href":"https:\/\/www.europesays.com\/fr\/wp-json\/wp\/v2\/users\/2"}],"replies":[{"embeddable":true,"href":"https:\/\/www.europesays.com\/fr\/wp-json\/wp\/v2\/comments?post=333120"}],"version-history":[{"count":0,"href":"https:\/\/www.europesays.com\/fr\/wp-json\/wp\/v2\/posts\/333120\/revisions"}],"wp:featuredmedia":[{"embeddable":true,"href":"https:\/\/www.europesays.com\/fr\/wp-json\/wp\/v2\/media\/333121"}],"wp:attachment":[{"href":"https:\/\/www.europesays.com\/fr\/wp-json\/wp\/v2\/media?parent=333120"}],"wp:term":[{"taxonomy":"category","embeddable":true,"href":"https:\/\/www.europesays.com\/fr\/wp-json\/wp\/v2\/categories?post=333120"},{"taxonomy":"post_tag","embeddable":true,"href":"https:\/\/www.europesays.com\/fr\/wp-json\/wp\/v2\/tags?post=333120"}],"curies":[{"name":"wp","href":"https:\/\/api.w.org\/{rel}","templated":true}]}}