{"id":333122,"date":"2025-08-21T04:35:11","date_gmt":"2025-08-21T04:35:11","guid":{"rendered":"https:\/\/www.europesays.com\/fr\/333122\/"},"modified":"2025-08-21T04:35:11","modified_gmt":"2025-08-21T04:35:11","slug":"tolle-apres-les-declarations-de-friedrich-merz-sur-une-eventuelle-participation-de-larmee-pour-defendre-lukraine","status":"publish","type":"post","link":"https:\/\/www.europesays.com\/fr\/333122\/","title":{"rendered":"toll\u00e9 apr\u00e8s les d\u00e9clarations de Friedrich Merz sur une \u00e9ventuelle participation de l\u2019arm\u00e9e pour d\u00e9fendre l\u2019Ukraine"},"content":{"rendered":"<p>                         <img loading=\"lazy\" decoding=\"async\" src=\"https:\/\/www.europesays.com\/fr\/wp-content\/uploads\/2025\/08\/032b13a_upload-1-ri7stsyw3m1s-ap25230594240505-1.jpg\" alt=\"Le chancelier allemand Friedrich Merz (au centre) s\u2019entretient avec des journalistes \u00e0 bord de l\u2019Airbus A319\u00a0de l\u2019arm\u00e9e de l\u2019air \u00e0 destination de Washington, le 18\u00a0ao\u00fbt\u00a02025.\"   width=\"664\" height=\"443\"\/>    Le chancelier allemand Friedrich Merz (au centre) s\u2019entretient avec des journalistes \u00e0 bord de l\u2019Airbus A319\u00a0de l\u2019arm\u00e9e de l\u2019air \u00e0 destination de Washington, le 18\u00a0ao\u00fbt\u00a02025.  KAY NIETFELD\/PICTURE-ALLIANCE\/DPA\/AP IMAGES                 <\/p>\n<p class=\"article__paragraph  \">\u00ab\u00a0Merz veut t\u2019envoyer en Ukraine\u00a0? Nous non\u00a0!\u00a0\u00bb, promet le message post\u00e9 mardi 19\u00a0ao\u00fbt par le parti d\u2019extr\u00eame droite allemand Alternative f\u00fcr Deutschland (AfD) sur le r\u00e9seau social X. Le texte est accompagn\u00e9 d\u2019un montage photo du chancelier Friedrich Merz se frottant les mains devant cinq jeunes Allemands \u00e0 la mine sombre. \u00ab\u00a0Merz ne veut pas exclure l\u2019envoi de soldats allemands en Ukraine. Cela ne serait pas du maintien de la paix, mais une escalade durable vis-\u00e0-vis de la Russie. Nous le disons clairement\u00a0: nous ne t\u2019enverrons pas en Ukraine\u00a0!\u00a0\u00bb, poursuit l\u2019AfD.<\/p>\n<p>   Lire plus tard  <\/p>\n<p class=\"article__paragraph  \">Alors que la question des garanties de s\u00e9curit\u00e9 fournies par les alli\u00e9s de l\u2019Ukraine en cas d\u2019accord de paix avec Moscou \u00e9tait abord\u00e9e, mercredi 20\u00a0ao\u00fbt, par les chefs d\u2019\u00e9tat-major des arm\u00e9es de l\u2019OTAN, la simple hypoth\u00e8se \u2212 pour l\u2019heure th\u00e9orique \u2212 de l\u2019envoi de troupes allemandes en Ukraine a d\u00e9clench\u00e9 une vive pol\u00e9mique \u00e0 Berlin, malgr\u00e9 la torpeur estivale. Interrog\u00e9 sur la contribution de l\u2019Allemagne \u00e0 l\u2019issue du sommet \u00e0 Washington, lundi, Friedrich Merz a en effet \u00e9voqu\u00e9 implicitement la participation de l\u2019arm\u00e9e allemande \u00e0 la s\u00e9curit\u00e9 de l\u2019Ukraine en cas d\u2019accord de paix, se disant pr\u00eat \u00e0 en \u00ab\u00a0discuter avec [sa] coalition \u00e0 Berlin, y compris de la possibilit\u00e9 de prendre des d\u00e9cisions n\u00e9cessitant un mandat, c\u2019est-\u00e0-dire des d\u00e9cisions que le Bundestag devrait prendre. Mais il est trop t\u00f4t aujourd\u2019hui pour donner une r\u00e9ponse d\u00e9finitive\u00a0\u00bb.<\/p>\n<p class=\"reading-mode-only \"><strong>Il vous reste 79.15% de cet article \u00e0 lire. La suite est r\u00e9serv\u00e9e aux abonn\u00e9s.<\/strong><\/p>\n","protected":false},"excerpt":{"rendered":"Le chancelier allemand Friedrich Merz (au centre) s\u2019entretient avec des journalistes \u00e0 bord de l\u2019Airbus A319\u00a0de l\u2019arm\u00e9e de&hellip;\n","protected":false},"author":2,"featured_media":333123,"comment_status":"","ping_status":"","sticky":false,"template":"","format":"standard","meta":{"footnotes":""},"categories":[1587],"tags":[11,672,1804,1805,1803,1777,674,1801,12,1802],"class_list":{"0":"post-333122","1":"post","2":"type-post","3":"status-publish","4":"format-standard","5":"has-post-thumbnail","7":"category-allemagne","8":"tag-actualites","9":"tag-allemagne","10":"tag-bundesrepublik-deutschland","11":"tag-de","12":"tag-deutschland","13":"tag-eu","14":"tag-europe","15":"tag-germany","16":"tag-news","17":"tag-republique-federale-dallemagne"},"share_on_mastodon":{"url":"https:\/\/pubeurope.com\/@fr\/115064899128732655","error":""},"_links":{"self":[{"href":"https:\/\/www.europesays.com\/fr\/wp-json\/wp\/v2\/posts\/333122","targetHints":{"allow":["GET"]}}],"collection":[{"href":"https:\/\/www.europesays.com\/fr\/wp-json\/wp\/v2\/posts"}],"about":[{"href":"https:\/\/www.europesays.com\/fr\/wp-json\/wp\/v2\/types\/post"}],"author":[{"embeddable":true,"href":"https:\/\/www.europesays.com\/fr\/wp-json\/wp\/v2\/users\/2"}],"replies":[{"embeddable":true,"href":"https:\/\/www.europesays.com\/fr\/wp-json\/wp\/v2\/comments?post=333122"}],"version-history":[{"count":0,"href":"https:\/\/www.europesays.com\/fr\/wp-json\/wp\/v2\/posts\/333122\/revisions"}],"wp:featuredmedia":[{"embeddable":true,"href":"https:\/\/www.europesays.com\/fr\/wp-json\/wp\/v2\/media\/333123"}],"wp:attachment":[{"href":"https:\/\/www.europesays.com\/fr\/wp-json\/wp\/v2\/media?parent=333122"}],"wp:term":[{"taxonomy":"category","embeddable":true,"href":"https:\/\/www.europesays.com\/fr\/wp-json\/wp\/v2\/categories?post=333122"},{"taxonomy":"post_tag","embeddable":true,"href":"https:\/\/www.europesays.com\/fr\/wp-json\/wp\/v2\/tags?post=333122"}],"curies":[{"name":"wp","href":"https:\/\/api.w.org\/{rel}","templated":true}]}}