{"id":333125,"date":"2025-08-21T04:37:14","date_gmt":"2025-08-21T04:37:14","guid":{"rendered":"https:\/\/www.europesays.com\/fr\/333125\/"},"modified":"2025-08-21T04:37:14","modified_gmt":"2025-08-21T04:37:14","slug":"lambassadeur-de-lue-en-serbie-appelle-a-la-desescalade-et-a-des-enquetes-sur-lusage-excessif-de-la-force-par-la-police-2","status":"publish","type":"post","link":"https:\/\/www.europesays.com\/fr\/333125\/","title":{"rendered":"L&rsquo;ambassadeur de l&rsquo;UE en Serbie appelle \u00e0 la d\u00e9sescalade et \u00e0 des enqu\u00eates sur l&rsquo;usage excessif de la force par la police"},"content":{"rendered":"<p>                                                L&rsquo;ambassadeur de l&rsquo;UE en Serbie appelle \u00e0 la d\u00e9sescalade et \u00e0 des enqu\u00eates sur l&rsquo;usage excessif de la force par la police                    <\/p>\n<p>                        <img decoding=\"async\" src=\"https:\/\/www.europesays.com\/fr\/wp-content\/uploads\/2025\/08\/2233-600x360.png\" alt=\"\"\/><\/p>\n<p>                        nouvelles<\/p>\n<p>                            <img decoding=\"async\" src=\"https:\/\/www.europesays.com\/fr\/wp-content\/uploads\/2025\/08\/1754177174_227_LogoExpress-96x96.png\" alt=\"\"\/><\/p>\n<p>                        Gazeta Express<br \/>\n                        20\/08\/2025 23:06<\/p>\n<p>Le nouvel ambassadeur de l&rsquo;Union europ\u00e9enne en Serbie, Andreas von Beckerath, a d\u00e9clar\u00e9 mercredi apr\u00e8s une rencontre avec le Premier ministre serbe Gjuro Macut que le bloc europ\u00e9en condamnait la violence lors des manifestations dans les villes serbes et appelait \u00e0 un calme imm\u00e9diat de la situation.<\/p>\n<p>\u00ab La libert\u00e9 d&rsquo;expression, la libert\u00e9 de r\u00e9union pacifique et la libert\u00e9 des m\u00e9dias doivent \u00eatre respect\u00e9es \u00bb, a \u00e9crit Von Beckeret sur son compte X mercredi.<\/p>\n<p>Il a \u00e9galement soulign\u00e9 que \u00ab l\u2019action de la police doit rester proportionn\u00e9e \u00bb et que \u00ab l\u2019usage excessif de la force doit faire l\u2019objet d\u2019une enqu\u00eate, y compris les menaces et la violence contre les journalistes \u00bb.<\/p>\n<p>La vague de protestations, qui a d\u00e9but\u00e9 en Serbie en novembre 2024, est d\u00e9sormais entr\u00e9e dans une nouvelle phase.<\/p>\n<p>Des affrontements quotidiens ont lieu entre manifestants et police depuis le 12 ao\u00fbt, date \u00e0 laquelle des violences ont \u00e9clat\u00e9 dans les villes de V\u00ebrbas et Ba\u00e7ka Pallanka, dans le nord du pays.<\/p>\n<p>Ces incidents ont d\u00e9clench\u00e9 des manifestations dans des dizaines de villes du pays, dont la capitale Belgrade, alors que les accusations de brutalit\u00e9 polici\u00e8re se sont r\u00e9pandues dans tout le pays.<\/p>\n<p>Ces derniers jours, plusieurs organisations non gouvernementales ont port\u00e9 plainte contre des policiers pour violences polici\u00e8res contre des manifestants.<\/p>\n<p>Beckerath a ajout\u00e9 que l&rsquo;Union europ\u00e9enne surveillait de pr\u00e8s la situation \u00ab \u00e9galement dans le contexte des n\u00e9gociations avec la Serbie pour son adh\u00e9sion \u00e0 l&rsquo;UE \u00bb.<\/p>\n<p>\u00ab Le chemin vers l\u2019Union europ\u00e9enne offre des solutions \u00e0 de nombreux d\u00e9fis auxquels la Serbie est confront\u00e9e \u00bb, a ajout\u00e9 M. Von Beckeret.<\/p>\n<p>Il a \u00e9galement \u00e9crit qu&rsquo;il avait eu une r\u00e9union constructive avec le Premier ministre serbe.<\/p>\n<p>Macut avait pr\u00e9c\u00e9demment salu\u00e9 \u00ab l&rsquo;approche proactive de von Beckerat depuis le premier jour de son mandat et ses d\u00e9clarations \u00e9quilibr\u00e9es sur la situation actuelle en Serbie, en particulier la condamnation de tous les types de violence, y compris les attaques contre les locaux des partis politiques \u00bb.<\/p>\n<p>Lors des manifestations, les bureaux du parti au pouvoir en Serbie, le Parti progressiste serbe (SNS), ont \u00e9t\u00e9 endommag\u00e9s.<\/p>\n<p>Depuis novembre, des manifestations massives ont lieu en Serbie suite \u00e0 l&rsquo;effondrement d&rsquo;un abri en b\u00e9ton \u00e0 la gare de Novi Sad, o\u00f9 16 personnes ont perdu la vie.<\/p>\n<p>Les \u00e9tudiants et les manifestants exigent que les responsables politiques et criminels rendent des comptes, ainsi que l&rsquo;annonce d&rsquo;\u00e9lections parlementaires anticip\u00e9es.\/REL<\/p>\n","protected":false},"excerpt":{"rendered":"L&rsquo;ambassadeur de l&rsquo;UE en Serbie appelle \u00e0 la d\u00e9sescalade et \u00e0 des enqu\u00eates sur l&rsquo;usage excessif de la&hellip;\n","protected":false},"author":2,"featured_media":332578,"comment_status":"","ping_status":"","sticky":false,"template":"","format":"standard","meta":{"footnotes":""},"categories":[1586],"tags":[11,1777,674,1779,1011,27,12,25,1778,364],"class_list":{"0":"post-333125","1":"post","2":"type-post","3":"status-publish","4":"format-standard","5":"has-post-thumbnail","7":"category-europe","8":"tag-actualites","9":"tag-eu","10":"tag-europe","11":"tag-european-union","12":"tag-fr","13":"tag-france","14":"tag-news","15":"tag-republique-francaise","16":"tag-ue","17":"tag-union-europeenne"},"share_on_mastodon":{"url":"https:\/\/pubeurope.com\/@fr\/115064907052961991","error":""},"_links":{"self":[{"href":"https:\/\/www.europesays.com\/fr\/wp-json\/wp\/v2\/posts\/333125","targetHints":{"allow":["GET"]}}],"collection":[{"href":"https:\/\/www.europesays.com\/fr\/wp-json\/wp\/v2\/posts"}],"about":[{"href":"https:\/\/www.europesays.com\/fr\/wp-json\/wp\/v2\/types\/post"}],"author":[{"embeddable":true,"href":"https:\/\/www.europesays.com\/fr\/wp-json\/wp\/v2\/users\/2"}],"replies":[{"embeddable":true,"href":"https:\/\/www.europesays.com\/fr\/wp-json\/wp\/v2\/comments?post=333125"}],"version-history":[{"count":0,"href":"https:\/\/www.europesays.com\/fr\/wp-json\/wp\/v2\/posts\/333125\/revisions"}],"wp:featuredmedia":[{"embeddable":true,"href":"https:\/\/www.europesays.com\/fr\/wp-json\/wp\/v2\/media\/332578"}],"wp:attachment":[{"href":"https:\/\/www.europesays.com\/fr\/wp-json\/wp\/v2\/media?parent=333125"}],"wp:term":[{"taxonomy":"category","embeddable":true,"href":"https:\/\/www.europesays.com\/fr\/wp-json\/wp\/v2\/categories?post=333125"},{"taxonomy":"post_tag","embeddable":true,"href":"https:\/\/www.europesays.com\/fr\/wp-json\/wp\/v2\/tags?post=333125"}],"curies":[{"name":"wp","href":"https:\/\/api.w.org\/{rel}","templated":true}]}}