{"id":333127,"date":"2025-08-21T04:39:17","date_gmt":"2025-08-21T04:39:17","guid":{"rendered":"https:\/\/www.europesays.com\/fr\/333127\/"},"modified":"2025-08-21T04:39:17","modified_gmt":"2025-08-21T04:39:17","slug":"un-jeune-couple-et-son-bebe-dun-an-meurent-dans-une-collision-avec-un-tracteur","status":"publish","type":"post","link":"https:\/\/www.europesays.com\/fr\/333127\/","title":{"rendered":"Un jeune couple et son b\u00e9b\u00e9 d\u2019un an meurent dans une collision avec un tracteur"},"content":{"rendered":"<p>Une famille d\u00e9cim\u00e9e <a href=\"https:\/\/www.20minutes.fr\/dossier\/accident\" class=\"c-link c-link--is-underlined\" rel=\"nofollow noopener\" target=\"_blank\">dans un accident de la route<\/a>. Lundi midi, un terrible drame s\u2019est produit sur la commune de Sainte-Gemme-La-Plaine en Vend\u00e9e o\u00f9 une voiture et un tracteur sont entr\u00e9s en collision sur une route d\u00e9partementale, <a href=\"https:\/\/www.ouest-france.fr\/faits-divers\/accidents\/des-personnes-solaires-une-famille-decimee-apres-un-accident-avec-un-tracteur-en-vendee-ab1ef52a-7cd9-11f0-a01f-a0b34f4aa520\" rel=\"nofollow noopener\" target=\"_blank\" class=\"c-link c-link--is-underlined\">rapporte Ouest-France<\/a>. Un homme de 34 ans qui se trouvait \u00e0 l\u2019int\u00e9rieur du v\u00e9hicule est d\u00e9c\u00e9d\u00e9 sur le coup. Sa compagne, \u00e2g\u00e9e de 32 ans, et leur b\u00e9b\u00e9 d\u2019un an et demi ont \u00e9t\u00e9 gri\u00e8vement bless\u00e9s dans l\u2019accident et transport\u00e9s en urgence absolue vers les CHU de Nantes et d\u2019Angers o\u00f9 ils sont tous deux d\u00e9c\u00e9d\u00e9s mardi.<\/p>\n<p><a href=\"https:\/\/www.francebleu.fr\/infos\/faits-divers-justice\/vendee-la-mere-et-l-enfant-gravement-blesses-dans-une-collision-avec-un-tracteur-sont-decedes-5326840\" rel=\"nofollow noopener\" target=\"_blank\" class=\"c-link c-link--is-underlined\">Selon Ici Loire Oc\u00e9an<\/a>, le couple avait un deuxi\u00e8me enfant, une petite fille de 5 ans, qui n\u2019\u00e9tait pas dans la voiture au moment de l\u2019accident. Selon les premiers \u00e9l\u00e9ments, la voiture aurait percut\u00e9 de plein fouet le tracteur qui sortait d\u2019une coop\u00e9rative agricole. Le conducteur, \u00e2g\u00e9 de 55 ans, a \u00e9t\u00e9 plac\u00e9 en garde \u00e0 vue, pr\u00e9cise Ouest-France.<\/p>\n","protected":false},"excerpt":{"rendered":"Une famille d\u00e9cim\u00e9e dans un accident de la route. Lundi midi, un terrible drame s\u2019est produit sur la&hellip;\n","protected":false},"author":2,"featured_media":333128,"comment_status":"","ping_status":"","sticky":false,"template":"","format":"standard","meta":{"footnotes":""},"categories":[2],"tags":[119,4376,47,11,3493,4504,1193,3348,118,652,1011,27,12,2636,25,13936,2546],"class_list":{"0":"post-333127","1":"post","2":"type-post","3":"status-publish","4":"format-standard","5":"has-post-thumbnail","7":"category-actualites","8":"tag-accident","9":"tag-accident-de-la-route","10":"tag-actualite","11":"tag-actualites","12":"tag-bebe","13":"tag-collision","14":"tag-couple","15":"tag-drame","16":"tag-faits-divers","17":"tag-famille","18":"tag-fr","19":"tag-france","20":"tag-news","21":"tag-pays-de-la-loire","22":"tag-republique-francaise","23":"tag-tracteur","24":"tag-vendee"},"share_on_mastodon":{"url":"https:\/\/pubeurope.com\/@fr\/115064914950706135","error":""},"_links":{"self":[{"href":"https:\/\/www.europesays.com\/fr\/wp-json\/wp\/v2\/posts\/333127","targetHints":{"allow":["GET"]}}],"collection":[{"href":"https:\/\/www.europesays.com\/fr\/wp-json\/wp\/v2\/posts"}],"about":[{"href":"https:\/\/www.europesays.com\/fr\/wp-json\/wp\/v2\/types\/post"}],"author":[{"embeddable":true,"href":"https:\/\/www.europesays.com\/fr\/wp-json\/wp\/v2\/users\/2"}],"replies":[{"embeddable":true,"href":"https:\/\/www.europesays.com\/fr\/wp-json\/wp\/v2\/comments?post=333127"}],"version-history":[{"count":0,"href":"https:\/\/www.europesays.com\/fr\/wp-json\/wp\/v2\/posts\/333127\/revisions"}],"wp:featuredmedia":[{"embeddable":true,"href":"https:\/\/www.europesays.com\/fr\/wp-json\/wp\/v2\/media\/333128"}],"wp:attachment":[{"href":"https:\/\/www.europesays.com\/fr\/wp-json\/wp\/v2\/media?parent=333127"}],"wp:term":[{"taxonomy":"category","embeddable":true,"href":"https:\/\/www.europesays.com\/fr\/wp-json\/wp\/v2\/categories?post=333127"},{"taxonomy":"post_tag","embeddable":true,"href":"https:\/\/www.europesays.com\/fr\/wp-json\/wp\/v2\/tags?post=333127"}],"curies":[{"name":"wp","href":"https:\/\/api.w.org\/{rel}","templated":true}]}}