{"id":333133,"date":"2025-08-21T04:43:16","date_gmt":"2025-08-21T04:43:16","guid":{"rendered":"https:\/\/www.europesays.com\/fr\/333133\/"},"modified":"2025-08-21T04:43:16","modified_gmt":"2025-08-21T04:43:16","slug":"placines-revele-lun-de-ses-moments-les-plus-forts-au-club-au-point-den-pleurer","status":"publish","type":"post","link":"https:\/\/www.europesays.com\/fr\/333133\/","title":{"rendered":"Placines r\u00e9v\u00e8le l\u2019un de ses moments les plus forts au club, au point d\u2019en pleurer"},"content":{"rendered":"<p>Alban Placines a mis le couvercle sur une aventure exceptionnelle. En 2018, le troisi\u00e8me-ligne a eu le nez creux en rejoignant le Stade Toulousain. Dans la Ville Rose, il s\u2019est forg\u00e9 un palmar\u00e8s exceptionnel, remportant le Bouclier de Brennus \u00e0 cinq reprises et la Champions Cup par deux fois. En fin de contrat, le Basque a d\u00e9cid\u00e9 de retourner au Biarritz Olympique apr\u00e8s un ultime titre en Top 14.<\/p>\n<p>La chevauch\u00e9e de Ntamack en m\u00e9moire pour Placines<\/p>\n<p>Pour la cha\u00eene officielle de son club formateur, Alban Placines est revenu sur son moment le plus marquant \u00e0 Toulouse. Il a ainsi \u00e9voqu\u00e9 le sacre de 2023 en Top 14 apr\u00e8s la chevauch\u00e9e exceptionnelle de Romain Ntamack. Entr\u00e9 en jeu en seconde p\u00e9riode, le Basque n\u2019a pu retenir ses larmes apr\u00e8s ce titre.<\/p>\n<blockquote>\n<p>\u00ab\u00a0Pleurer de joie, \u00e7a a d\u00fb m\u2019arriver en 2023, quand on est champions, apr\u00e8s la travers\u00e9e de Romain Ntamack contre La Rochelle. Il y avait ma compagne, mon petit gar\u00e7on qui avait huit mois qui \u00e9tait sur le terrain. Aussi tous mes copains du Pays basque et des Landes. Il y avait un truc tellement particulier que j\u2019ai vers\u00e9 une petite larme.\u00a0\u00bb<\/p>\n<\/blockquote>\n<blockquote class=\"twitter-tweet\">\n<p dir=\"ltr\" lang=\"fr\">\ud835\ude4e\ud835\ude64\ud835\ude6a\ud835\ude68 \ud835\ude69\ud835\ude64\ud835\ude6a\ud835\ude68 \ud835\ude61\ud835\ude5a\ud835\ude68 \ud835\ude3c\ud835\ude63\ud835\ude5c\ud835\ude61\ud835\ude5a\ud835\ude68 \ud83c\udfac<\/p>\n<p>Sa carri\u00e8re, son retour au BO, ses passions : (re)d\u00e9couvrez notre nouveau troisi\u00e8me ligne <a href=\"https:\/\/twitter.com\/AlbanPlacines?ref_src=twsrc%5Etfw\" rel=\"nofollow noopener\" target=\"_blank\">@AlbanPlacines<\/a> arriv\u00e9 en provenance du <a href=\"https:\/\/twitter.com\/StadeToulousain?ref_src=twsrc%5Etfw\" rel=\"nofollow noopener\" target=\"_blank\">@StadeToulousain<\/a> !<\/p>\n<p>\ud83c\udf7f \u00c0 voir en int\u00e9gralit\u00e9 sur YouTube \u2935\ufe0f<a href=\"https:\/\/twitter.com\/hashtag\/BOPB?src=hash&amp;ref_src=twsrc%5Etfw\" rel=\"nofollow noopener\" target=\"_blank\">#BOPB<\/a> | <a href=\"https:\/\/twitter.com\/hashtag\/AupaBO?src=hash&amp;ref_src=twsrc%5Etfw\" rel=\"nofollow noopener\" target=\"_blank\">#AupaBO<\/a><\/p>\n<p>\u2014 BOPBweb (@BOPBweb) <a href=\"https:\/\/twitter.com\/BOPBweb\/status\/1957110175518609497?ref_src=twsrc%5Etfw\" rel=\"nofollow noopener\" target=\"_blank\">August 17, 2025<\/a><\/p>\n<\/blockquote>\n<p>Pour tous les supporters rouge et noir, ce titre garde une saveur particuli\u00e8re \u00e0 la vue du sc\u00e9nario. Mal embarqu\u00e9s et proches de la d\u00e9faite, les Toulousains s\u2019en \u00e9taient remis \u00e0 un exploit ph\u00e9nom\u00e9nal de Romain Ntamack dans les ultimes secondes pour l\u2019emporter et s\u2019\u00e9viter une deuxi\u00e8me saison blanche.<\/p>\n<blockquote class=\"twitter-tweet\">\n<p dir=\"ltr\" lang=\"fr\">Le jour o\u00f9&#8230; Romain Ntamack a transperc\u00e9 la d\u00e9fense rochelaise dans les derniers instants de la <a href=\"https:\/\/twitter.com\/hashtag\/FinaleTOP14?src=hash&amp;ref_src=twsrc%5Etfw\" rel=\"nofollow noopener\" target=\"_blank\">#FinaleTOP14<\/a>, offrant au <a href=\"https:\/\/twitter.com\/StadeToulousain?ref_src=twsrc%5Etfw\" rel=\"nofollow noopener\" target=\"_blank\">@StadeToulousain<\/a> le bouclier de Brennus \ud83c\udfc6<\/p>\n<p>\ud83d\udcc5 2022\/2023 \u2013 Finale<br \/>\ud83c\udfc9 Stade Toulousain vs Stade Rochelais (29-26) <a href=\"https:\/\/twitter.com\/hashtag\/RetroTOP14?src=hash&amp;ref_src=twsrc%5Etfw\" rel=\"nofollow noopener\" target=\"_blank\">#RetroTOP14<\/a> <a href=\"https:\/\/t.co\/EVomeHsYda\" rel=\"nofollow\">pic.twitter.com\/EVomeHsYda<\/a><\/p>\n<p>\u2014 TOP 14 Rugby (@top14rugby) <a href=\"https:\/\/twitter.com\/top14rugby\/status\/1953179366910783680?ref_src=twsrc%5Etfw\" rel=\"nofollow noopener\" target=\"_blank\">August 6, 2025<\/a><\/p>\n<\/blockquote>\n<p>Partagez cette info avec vos amis et vos proches en cliquant ici<br \/>Pour r\u00e9sumer<\/p>\n<p>Alban Placines a \u00e9voqu\u00e9 au moment de sa signature au Biarritz Olympique l\u2019un des moments forts de sa carri\u00e8re avec le Stade Toulousain. Le troisi\u00e8me-ligne avait fondu en larmes apr\u00e8s un titre \u00f4 combien particulier en 2023.<\/p>\n<p> <img decoding=\"async\" width=\"76\" height=\"76\" loading=\"lazy\" src=\"https:\/\/www.europesays.com\/fr\/wp-content\/uploads\/2025\/04\/avatar-quinze.png\" alt=\"Arnaud D\u00e9chelotte\"\/><script async src=\"https:\/\/platform.twitter.com\/widgets.js\" charset=\"utf-8\"><\/script><\/p>\n","protected":false},"excerpt":{"rendered":"Alban Placines a mis le couvercle sur une aventure exceptionnelle. En 2018, le troisi\u00e8me-ligne a eu le nez&hellip;\n","protected":false},"author":2,"featured_media":333134,"comment_status":"","ping_status":"","sticky":false,"template":"","format":"standard","meta":{"footnotes":""},"categories":[1416],"tags":[1011,27,479,1468,60],"class_list":{"0":"post-333133","1":"post","2":"type-post","3":"status-publish","4":"format-standard","5":"has-post-thumbnail","7":"category-rugby","8":"tag-fr","9":"tag-france","10":"tag-rugby","11":"tag-rugby-football","12":"tag-sports"},"share_on_mastodon":{"url":"https:\/\/pubeurope.com\/@fr\/115064930509253218","error":""},"_links":{"self":[{"href":"https:\/\/www.europesays.com\/fr\/wp-json\/wp\/v2\/posts\/333133","targetHints":{"allow":["GET"]}}],"collection":[{"href":"https:\/\/www.europesays.com\/fr\/wp-json\/wp\/v2\/posts"}],"about":[{"href":"https:\/\/www.europesays.com\/fr\/wp-json\/wp\/v2\/types\/post"}],"author":[{"embeddable":true,"href":"https:\/\/www.europesays.com\/fr\/wp-json\/wp\/v2\/users\/2"}],"replies":[{"embeddable":true,"href":"https:\/\/www.europesays.com\/fr\/wp-json\/wp\/v2\/comments?post=333133"}],"version-history":[{"count":0,"href":"https:\/\/www.europesays.com\/fr\/wp-json\/wp\/v2\/posts\/333133\/revisions"}],"wp:featuredmedia":[{"embeddable":true,"href":"https:\/\/www.europesays.com\/fr\/wp-json\/wp\/v2\/media\/333134"}],"wp:attachment":[{"href":"https:\/\/www.europesays.com\/fr\/wp-json\/wp\/v2\/media?parent=333133"}],"wp:term":[{"taxonomy":"category","embeddable":true,"href":"https:\/\/www.europesays.com\/fr\/wp-json\/wp\/v2\/categories?post=333133"},{"taxonomy":"post_tag","embeddable":true,"href":"https:\/\/www.europesays.com\/fr\/wp-json\/wp\/v2\/tags?post=333133"}],"curies":[{"name":"wp","href":"https:\/\/api.w.org\/{rel}","templated":true}]}}