{"id":333135,"date":"2025-08-21T04:44:12","date_gmt":"2025-08-21T04:44:12","guid":{"rendered":"https:\/\/www.europesays.com\/fr\/333135\/"},"modified":"2025-08-21T04:44:12","modified_gmt":"2025-08-21T04:44:12","slug":"teichmann-sechement-battue-rts-ch","status":"publish","type":"post","link":"https:\/\/www.europesays.com\/fr\/333135\/","title":{"rendered":"Teichmann s\u00e8chement battue &#8211; rts.ch"},"content":{"rendered":"<p>Jil Teichmann (WTA 85) s&rsquo;est arr\u00eat\u00e9e en 8es de finale du WTA 250 de Cleveland. La Seelandaise s&rsquo;est inclin\u00e9e 6-1 6-1 en 62 minutes devant Sorana Cirstea (WTA 112) mercredi dans l&rsquo;Ohio.<\/p>\n<p>Tombeuse de la demi-finaliste de Roland-Garros Lo\u00efs Boisson (WTA 46) au 1er tour, Jil Teichmann n&rsquo;a pas eu l&rsquo;ombre d&rsquo;une chance face \u00e0 la Roumaine de 35 ans. La Seelandaise a pourtant sign\u00e9 le break d&rsquo;entr\u00e9e, mais elle a perdu les&#8230; 10 jeux suivants.<\/p>\n<p>Jil Teichmann, qui a perdu six fois son service dans cette partie, peut donc d&rsquo;ores et d\u00e9j\u00e0 mettre le cap sur New York. Elle est, avec Belinda Bencic et Viktorija Golubic, l&rsquo;une des trois Suissesses admises directement dans le tableau final de l&rsquo;US Open qui d\u00e9marre d\u00e8s dimanche.<\/p>\n<p class=\"sources\">ats\/adav<\/p>\n","protected":false},"excerpt":{"rendered":"Jil Teichmann (WTA 85) s&rsquo;est arr\u00eat\u00e9e en 8es de finale du WTA 250 de Cleveland. La Seelandaise s&rsquo;est&hellip;\n","protected":false},"author":2,"featured_media":333136,"comment_status":"","ping_status":"","sticky":false,"template":"","format":"standard","meta":{"footnotes":""},"categories":[1415],"tags":[1011,27,46518,47026,47027,47028,517,60,1467,4170,47029],"class_list":{"0":"post-333135","1":"post","2":"type-post","3":"status-publish","4":"format-standard","5":"has-post-thumbnail","7":"category-tennis","8":"tag-fr","9":"tag-france","10":"tag-jil-teichmann","11":"tag-ohio","12":"tag-sorana-cirstea","13":"tag-sorana-cirstea-jil-teichmann","14":"tag-sport","15":"tag-sports","16":"tag-tennis","17":"tag-wta","18":"tag-wta-cleveland-1-8"},"share_on_mastodon":{"url":"https:\/\/pubeurope.com\/@fr\/115064934423736123","error":""},"_links":{"self":[{"href":"https:\/\/www.europesays.com\/fr\/wp-json\/wp\/v2\/posts\/333135","targetHints":{"allow":["GET"]}}],"collection":[{"href":"https:\/\/www.europesays.com\/fr\/wp-json\/wp\/v2\/posts"}],"about":[{"href":"https:\/\/www.europesays.com\/fr\/wp-json\/wp\/v2\/types\/post"}],"author":[{"embeddable":true,"href":"https:\/\/www.europesays.com\/fr\/wp-json\/wp\/v2\/users\/2"}],"replies":[{"embeddable":true,"href":"https:\/\/www.europesays.com\/fr\/wp-json\/wp\/v2\/comments?post=333135"}],"version-history":[{"count":0,"href":"https:\/\/www.europesays.com\/fr\/wp-json\/wp\/v2\/posts\/333135\/revisions"}],"wp:featuredmedia":[{"embeddable":true,"href":"https:\/\/www.europesays.com\/fr\/wp-json\/wp\/v2\/media\/333136"}],"wp:attachment":[{"href":"https:\/\/www.europesays.com\/fr\/wp-json\/wp\/v2\/media?parent=333135"}],"wp:term":[{"taxonomy":"category","embeddable":true,"href":"https:\/\/www.europesays.com\/fr\/wp-json\/wp\/v2\/categories?post=333135"},{"taxonomy":"post_tag","embeddable":true,"href":"https:\/\/www.europesays.com\/fr\/wp-json\/wp\/v2\/tags?post=333135"}],"curies":[{"name":"wp","href":"https:\/\/api.w.org\/{rel}","templated":true}]}}