{"id":333137,"date":"2025-08-21T04:46:11","date_gmt":"2025-08-21T04:46:11","guid":{"rendered":"https:\/\/www.europesays.com\/fr\/333137\/"},"modified":"2025-08-21T04:46:11","modified_gmt":"2025-08-21T04:46:11","slug":"rumors-red-bull-quitte-ktm","status":"publish","type":"post","link":"https:\/\/www.europesays.com\/fr\/333137\/","title":{"rendered":"Rumors, Red Bull quitte KTM ?"},"content":{"rendered":"<p>Donc Red Bull en MotoGP, de tr\u00e8s grosses lettres sur les motos mais peu visibles car podiums et victoires sont rarissimes. La derni\u00e8re remonte \u00e0 2022 (Oliveira \u00e0 Buriram). S&rsquo;ajoute le fait que la quasi-faillite de KTM na\u00eet sur un \u00e9norme mensonge de son cr\u00e9ateur, qui a cach\u00e9 son infortune \u00e0 tout le monde, associ\u00e9s comme amis. Certes il a \u00e9t\u00e9 remplac\u00e9 mais son successeur est venu au GP de Brno pour annoncer qu&rsquo;il ne savait pas s&rsquo;il allait continuer l&rsquo;aventure en 2027, il attend le r\u00e8glement sportif et&#8230; l&rsquo;argent de Liberty. Ce n&rsquo;est pas tout, il ya la guerre totale avec Monster et Red Bull est moins bien plac\u00e9. Certes Red Bull a la puissance de feu n\u00e9cessaire pour emp\u00eacher Rossi de rouler avec ses camarades des grandes ann\u00e9es lors du GP du Spielberg (qui a eu tr\u00e8s peu de public, un poil au-dessus de 50 000 spectateurs le dimanche) parce que Rossi est Monster ! Monster au point que c&rsquo;est lui qui a amen\u00e9 ce sponsor chez Yamaha apr\u00e8s sa d\u00e9faite avec Ducati. Yamaha n&rsquo;avait plus un rond, Lorenzo avait tout pris, alors Rossi a amen\u00e9 Monster pour qu&rsquo;il le paie et dans la foul\u00e9e la marque adversaire de Red Bull a pris tout le team bleu. Donc Rossi n&rsquo;a pas roul\u00e9 au Spielberg avec Stoner, dommage ils avaient oubli\u00e9 le pif-paf de Laguna Seca, le fameux Cork Screw&#8230; En plus si Red Bull n&rsquo;a pas de visibilit\u00e9 sur les GP, Monster en a avec Ducati ! Et \u00e0 titre perso avec Bezzecchi, Quartararo et ses pole! Enfin arrive Kurt Steiner dans le team satellite de KTM, Tech3, comme partenaire financier important. Un ex de la F1 qui \u00e9tait totalement en opposition (le mot est faible) avec le cr\u00e9ateur de Red Bull, Mateschitz. Sur la F1 et le Nascar. Et puis&#8230; il y a que Red Bull a eu un succ\u00e8s consid\u00e9rable, digne de sa marque, avec Honda&#8230; Ils se sont quitt\u00e9s quand Marquez a rejoint Ducati. Honda a tr\u00e8s faim, recrute tous azimuts, y compris chez KTM ! Honda remonte la pente, Zarco, plus r\u00e9cemment Mir font r\u00e9-appara\u00eetre la marque et si Honda recrute des pilotes comme Acosta, Martin, si Honda revient au-dessus des \u00e9toiles, Red Bull aimerait \u00eatre du voyage ! Autre bruit de paddock, entre Red Bull et le nouveau boss de KTM, \u00e7a n&rsquo;est pas vraiment la lune de miel. On entend aussi que Bajaj, qui a sauv\u00e9 (et mang\u00e9!) KTM en difficult\u00e9 a moyennement envie de payer le budget comp\u00e8te et Red Bull ne veut pas se retrouver seul! Ni d&rsquo;ailleurs acheter un team aussi peu collecteur de troph\u00e9es mondiaux&#8230;\u00a0<\/p>\n<p>La suite apr\u00e8s cette publicit\u00e9<\/p>\n","protected":false},"excerpt":{"rendered":"Donc Red Bull en MotoGP, de tr\u00e8s grosses lettres sur les motos mais peu visibles car podiums et&hellip;\n","protected":false},"author":2,"featured_media":333138,"comment_status":"","ping_status":"","sticky":false,"template":"","format":"standard","meta":{"footnotes":""},"categories":[1413],"tags":[17,4269,47031,1011,27,4922,1579,1457,1456,1458,47030,47032,2255,60],"class_list":{"0":"post-333137","1":"post","2":"type-post","3":"status-publish","4":"format-standard","5":"has-post-thumbnail","7":"category-moto","8":"tag-17","9":"tag-acosta","10":"tag-binder","11":"tag-fr","12":"tag-france","13":"tag-honda","14":"tag-ktm","15":"tag-moto","16":"tag-motocycle","17":"tag-motogp","18":"tag-oliveira","19":"tag-quitte-ktm","20":"tag-red-bull","21":"tag-sports"},"share_on_mastodon":{"url":"https:\/\/pubeurope.com\/@fr\/115064942343372955","error":""},"_links":{"self":[{"href":"https:\/\/www.europesays.com\/fr\/wp-json\/wp\/v2\/posts\/333137","targetHints":{"allow":["GET"]}}],"collection":[{"href":"https:\/\/www.europesays.com\/fr\/wp-json\/wp\/v2\/posts"}],"about":[{"href":"https:\/\/www.europesays.com\/fr\/wp-json\/wp\/v2\/types\/post"}],"author":[{"embeddable":true,"href":"https:\/\/www.europesays.com\/fr\/wp-json\/wp\/v2\/users\/2"}],"replies":[{"embeddable":true,"href":"https:\/\/www.europesays.com\/fr\/wp-json\/wp\/v2\/comments?post=333137"}],"version-history":[{"count":0,"href":"https:\/\/www.europesays.com\/fr\/wp-json\/wp\/v2\/posts\/333137\/revisions"}],"wp:featuredmedia":[{"embeddable":true,"href":"https:\/\/www.europesays.com\/fr\/wp-json\/wp\/v2\/media\/333138"}],"wp:attachment":[{"href":"https:\/\/www.europesays.com\/fr\/wp-json\/wp\/v2\/media?parent=333137"}],"wp:term":[{"taxonomy":"category","embeddable":true,"href":"https:\/\/www.europesays.com\/fr\/wp-json\/wp\/v2\/categories?post=333137"},{"taxonomy":"post_tag","embeddable":true,"href":"https:\/\/www.europesays.com\/fr\/wp-json\/wp\/v2\/tags?post=333137"}],"curies":[{"name":"wp","href":"https:\/\/api.w.org\/{rel}","templated":true}]}}