{"id":333141,"date":"2025-08-21T04:48:23","date_gmt":"2025-08-21T04:48:23","guid":{"rendered":"https:\/\/www.europesays.com\/fr\/333141\/"},"modified":"2025-08-21T04:48:23","modified_gmt":"2025-08-21T04:48:23","slug":"de-massy-a-stockholm-un-tour-deurope-a-velo-au-profit-des-personnes-en-situation-de-handicap-mental","status":"publish","type":"post","link":"https:\/\/www.europesays.com\/fr\/333141\/","title":{"rendered":"De Massy \u00e0 Stockholm, un tour d\u2019Europe \u00e0 v\u00e9lo au profit des personnes en situation de handicap mental"},"content":{"rendered":"<p class=\"paragraph text_align_left lp-f-body-02\">D\u2019une pierre deux coups. \u00c0 29 ans, R\u00e9my Leseigneur concilie la r\u00e9alisation d\u2019un vieux r\u00eave personnel et d\u2019un autre, plus collectif. Le 14 ao\u00fbt, cet enseignant en activit\u00e9 physique adapt\u00e9e (APA) s\u2019est mis en selle pour un p\u00e9riple de plusieurs mois \u00e0 v\u00e9lo sur les routes d\u2019Europe. Son point de d\u00e9part : <a href=\"https:\/\/www.leparisien.fr\/essonne-91\/massy-91300\/\" target=\"_blank\" rel=\"noreferrer noopener\">Massy (Essonne)<\/a>, o\u00f9 il r\u00e9side. \u00ab Tant qu\u2019\u00e0 faire \u00bb, le natif de Longjumeau (Essonne) a d\u00e9cid\u00e9 d\u2019utiliser ce projet comme caisse de r\u00e9sonance pour lever des fonds pour l\u2019association \u00ab D\u2019un corps \u00e0 l\u2019autre \u00bb, bas\u00e9e \u00e0 Versailles (Yvelines), dont il est l\u2019un des responsables.<\/p>\n<p class=\"paragraph text_align_left lp-f-body-02\">\u00ab On propose des activit\u00e9s physiques aux <a href=\"https:\/\/www.leparisien.fr\/val-de-marne-94\/sport-et-handicap-pres-dun-an-apres-les-jeux-paralympiques-lelan-est-un-peu-retombe-19-06-2025-7QZ7IPW2GRH2XPKINYONBS6UOE.php\" target=\"_self\" rel=\"noopener\">personnes en situation de handicap<\/a>, principalement mental, d\u00e9taille-t-il par t\u00e9l\u00e9phone depuis Namur (Belgique), o\u00f9 il s\u2019octroie une pause d\u00e9jeuner \u00e0 mi-parcours d\u2019une \u00e9tape entre Charleroi et Li\u00e8ge. On fait de la natation, du multisport et il y a aussi des s\u00e9jours adapt\u00e9s pendant les vacances. Pour eux, le sport est vraiment une source de bonheur et un outil qui leur permet de r\u00e9duire leurs troubles. \u00bb<\/p>\n","protected":false},"excerpt":{"rendered":"D\u2019une pierre deux coups. \u00c0 29 ans, R\u00e9my Leseigneur concilie la r\u00e9alisation d\u2019un vieux r\u00eave personnel et d\u2019un&hellip;\n","protected":false},"author":2,"featured_media":333142,"comment_status":"","ping_status":"","sticky":false,"template":"","format":"standard","meta":{"footnotes":""},"categories":[1411],"tags":[1154,207,1936,1011,27,1944,60],"class_list":{"0":"post-333141","1":"post","2":"type-post","3":"status-publish","4":"format-standard","5":"has-post-thumbnail","7":"category-cyclisme","8":"tag-cycling","9":"tag-cyclisme","10":"tag-essonne","11":"tag-fr","12":"tag-france","13":"tag-ma-ville","14":"tag-sports"},"share_on_mastodon":{"url":"https:\/\/pubeurope.com\/@fr\/115064950259759732","error":""},"_links":{"self":[{"href":"https:\/\/www.europesays.com\/fr\/wp-json\/wp\/v2\/posts\/333141","targetHints":{"allow":["GET"]}}],"collection":[{"href":"https:\/\/www.europesays.com\/fr\/wp-json\/wp\/v2\/posts"}],"about":[{"href":"https:\/\/www.europesays.com\/fr\/wp-json\/wp\/v2\/types\/post"}],"author":[{"embeddable":true,"href":"https:\/\/www.europesays.com\/fr\/wp-json\/wp\/v2\/users\/2"}],"replies":[{"embeddable":true,"href":"https:\/\/www.europesays.com\/fr\/wp-json\/wp\/v2\/comments?post=333141"}],"version-history":[{"count":0,"href":"https:\/\/www.europesays.com\/fr\/wp-json\/wp\/v2\/posts\/333141\/revisions"}],"wp:featuredmedia":[{"embeddable":true,"href":"https:\/\/www.europesays.com\/fr\/wp-json\/wp\/v2\/media\/333142"}],"wp:attachment":[{"href":"https:\/\/www.europesays.com\/fr\/wp-json\/wp\/v2\/media?parent=333141"}],"wp:term":[{"taxonomy":"category","embeddable":true,"href":"https:\/\/www.europesays.com\/fr\/wp-json\/wp\/v2\/categories?post=333141"},{"taxonomy":"post_tag","embeddable":true,"href":"https:\/\/www.europesays.com\/fr\/wp-json\/wp\/v2\/tags?post=333141"}],"curies":[{"name":"wp","href":"https:\/\/api.w.org\/{rel}","templated":true}]}}