{"id":333143,"date":"2025-08-21T04:49:10","date_gmt":"2025-08-21T04:49:10","guid":{"rendered":"https:\/\/www.europesays.com\/fr\/333143\/"},"modified":"2025-08-21T04:49:10","modified_gmt":"2025-08-21T04:49:10","slug":"mahamadou-diawara-piste-par-le-fc-copenhague","status":"publish","type":"post","link":"https:\/\/www.europesays.com\/fr\/333143\/","title":{"rendered":"Mahamadou Diawara pist\u00e9 par le FC Copenhague"},"content":{"rendered":"<p>Pr\u00eat\u00e9 la saison pass\u00e9e au Havre, <a href=\"https:\/\/www.footmercato.net\/joueur\/mahamadou-diawara-2\/\" rel=\"nofollow noopener\" target=\"_blank\">Mahamadou Diawara<\/a> a disput\u00e9 15 matches avec le club doyen pour une passe d\u00e9cisive. De retour \u00e0 l\u2019OL, l\u2019ancien espoir du PSG, qui totalise 28 matches en L1 depuis le d\u00e9but de sa carri\u00e8re, pourrait ne pas rester tr\u00e8s longtemps entre Rh\u00f4ne et Sa\u00f4ne. <\/p>\n<p>            La suite apr\u00e8s cette publicit\u00e9<\/p>\n<p>Selon nos informations, le milieu de terrain de 20 ans, sous contrat jusqu\u2019en juin 2028 \u00e0 <a href=\"https:\/\/www.footmercato.net\/club\/ol\/\" rel=\"nofollow noopener\" target=\"_blank\">Lyon<\/a>, est cibl\u00e9 par le <a href=\"https:\/\/www.footmercato.net\/club\/fc-kobenhavn\/\" rel=\"nofollow noopener\" target=\"_blank\">FC Copenhague<\/a> qui appr\u00e9cie grandement son profil. En France, Brest songeait \u00e0 lui, mais les relations fra\u00eeches entre le club rhodanien et la formation bretonne suite \u00e0 l\u2019\u00e9chec du transfert de Pierre Lees Melou ont r\u00e9duit \u00e0 n\u00e9ant les espoirs du SB29. <\/p>\n<p>\n    Pub. le 20\/08\/2025 22:31<br \/>\n            &#8211; MAJ le 21\/08\/2025 01:45\n    <\/p>\n","protected":false},"excerpt":{"rendered":"Pr\u00eat\u00e9 la saison pass\u00e9e au Havre, Mahamadou Diawara a disput\u00e9 15 matches avec le club doyen pour une&hellip;\n","protected":false},"author":2,"featured_media":333144,"comment_status":"","ping_status":"","sticky":false,"template":"","format":"standard","meta":{"footnotes":""},"categories":[1410],"tags":[63,1011,27,60],"class_list":{"0":"post-333143","1":"post","2":"type-post","3":"status-publish","4":"format-standard","5":"has-post-thumbnail","7":"category-football","8":"tag-football","9":"tag-fr","10":"tag-france","11":"tag-sports"},"share_on_mastodon":{"url":"https:\/\/pubeurope.com\/@fr\/115064954082444856","error":""},"_links":{"self":[{"href":"https:\/\/www.europesays.com\/fr\/wp-json\/wp\/v2\/posts\/333143","targetHints":{"allow":["GET"]}}],"collection":[{"href":"https:\/\/www.europesays.com\/fr\/wp-json\/wp\/v2\/posts"}],"about":[{"href":"https:\/\/www.europesays.com\/fr\/wp-json\/wp\/v2\/types\/post"}],"author":[{"embeddable":true,"href":"https:\/\/www.europesays.com\/fr\/wp-json\/wp\/v2\/users\/2"}],"replies":[{"embeddable":true,"href":"https:\/\/www.europesays.com\/fr\/wp-json\/wp\/v2\/comments?post=333143"}],"version-history":[{"count":0,"href":"https:\/\/www.europesays.com\/fr\/wp-json\/wp\/v2\/posts\/333143\/revisions"}],"wp:featuredmedia":[{"embeddable":true,"href":"https:\/\/www.europesays.com\/fr\/wp-json\/wp\/v2\/media\/333144"}],"wp:attachment":[{"href":"https:\/\/www.europesays.com\/fr\/wp-json\/wp\/v2\/media?parent=333143"}],"wp:term":[{"taxonomy":"category","embeddable":true,"href":"https:\/\/www.europesays.com\/fr\/wp-json\/wp\/v2\/categories?post=333143"},{"taxonomy":"post_tag","embeddable":true,"href":"https:\/\/www.europesays.com\/fr\/wp-json\/wp\/v2\/tags?post=333143"}],"curies":[{"name":"wp","href":"https:\/\/api.w.org\/{rel}","templated":true}]}}