{"id":333149,"date":"2025-08-21T04:52:15","date_gmt":"2025-08-21T04:52:15","guid":{"rendered":"https:\/\/www.europesays.com\/fr\/333149\/"},"modified":"2025-08-21T04:52:15","modified_gmt":"2025-08-21T04:52:15","slug":"valerie-pace-a-dedicace-son-ouvrage-a-la-plume-dor","status":"publish","type":"post","link":"https:\/\/www.europesays.com\/fr\/333149\/","title":{"rendered":"Val\u00e9rie Pace a d\u00e9dicac\u00e9 son ouvrage \u00e0 La Plume d\u2019or"},"content":{"rendered":"<p>Dans le cadre des d\u00e9dicaces, la librairie La Plume d\u2019or a re\u00e7u ce Val\u00e9rie Pace, qui d\u00e9dica\u00e7ait son ouvrage Gu\u00e9rir de mes blessures.<\/p>\n<p>Val\u00e9rie Pace est psychoth\u00e9rapeute et install\u00e9e au Malzieu. \u00c0 travers son ouvrage, elle accompagne ses lecteurs pas \u00e0 pas pour traverser des \u00e9preuves, et aller vers un mieux durable, qu\u2019ils soient confront\u00e9s \u00e0 l\u2019anxi\u00e9t\u00e9, \u00e0 l\u2019angoisse, \u00e0 la d\u00e9pression, au burn-out ou au stress. Le guide offre des cl\u00e9s pour optimiser son positionnement face aux souffrances, en comprendre l\u2019origine et le sens. Il permet de retracer le lien et reconna\u00eetre les besoins de son enfant int\u00e9rieur, retrouver confiance et atteindre la paix.<\/p>\n<p>Val\u00e9rie Pace s\u2019est form\u00e9e en programmation neurolinguistique, hypnose ericksonienne et coaching, avant de compl\u00e9ter sa formation en psychoth\u00e9rapie.<\/p>\n<p>Un ouvrage \u00e0 lire, instructif et int\u00e9ressant \u00e0 la fois. Ouvrage disponible \u00e0 la librairie La Plume d\u2019or.<\/p>\n<p>Correspondant Midi Libre : 04 66 31 13 10<\/p>\n","protected":false},"excerpt":{"rendered":"Dans le cadre des d\u00e9dicaces, la librairie La Plume d\u2019or a re\u00e7u ce Val\u00e9rie Pace, qui d\u00e9dica\u00e7ait son&hellip;\n","protected":false},"author":2,"featured_media":333150,"comment_status":"","ping_status":"","sticky":false,"template":"","format":"standard","meta":{"footnotes":""},"categories":[1357],"tags":[1379,58,59,1011,27,1380],"class_list":{"0":"post-333149","1":"post","2":"type-post","3":"status-publish","4":"format-standard","5":"has-post-thumbnail","7":"category-livres","8":"tag-books","9":"tag-divertissement","10":"tag-entertainment","11":"tag-fr","12":"tag-france","13":"tag-livres"},"share_on_mastodon":{"url":"https:\/\/pubeurope.com\/@fr\/115064966000147667","error":""},"_links":{"self":[{"href":"https:\/\/www.europesays.com\/fr\/wp-json\/wp\/v2\/posts\/333149","targetHints":{"allow":["GET"]}}],"collection":[{"href":"https:\/\/www.europesays.com\/fr\/wp-json\/wp\/v2\/posts"}],"about":[{"href":"https:\/\/www.europesays.com\/fr\/wp-json\/wp\/v2\/types\/post"}],"author":[{"embeddable":true,"href":"https:\/\/www.europesays.com\/fr\/wp-json\/wp\/v2\/users\/2"}],"replies":[{"embeddable":true,"href":"https:\/\/www.europesays.com\/fr\/wp-json\/wp\/v2\/comments?post=333149"}],"version-history":[{"count":0,"href":"https:\/\/www.europesays.com\/fr\/wp-json\/wp\/v2\/posts\/333149\/revisions"}],"wp:featuredmedia":[{"embeddable":true,"href":"https:\/\/www.europesays.com\/fr\/wp-json\/wp\/v2\/media\/333150"}],"wp:attachment":[{"href":"https:\/\/www.europesays.com\/fr\/wp-json\/wp\/v2\/media?parent=333149"}],"wp:term":[{"taxonomy":"category","embeddable":true,"href":"https:\/\/www.europesays.com\/fr\/wp-json\/wp\/v2\/categories?post=333149"},{"taxonomy":"post_tag","embeddable":true,"href":"https:\/\/www.europesays.com\/fr\/wp-json\/wp\/v2\/tags?post=333149"}],"curies":[{"name":"wp","href":"https:\/\/api.w.org\/{rel}","templated":true}]}}