{"id":333153,"date":"2025-08-21T04:54:13","date_gmt":"2025-08-21T04:54:13","guid":{"rendered":"https:\/\/www.europesays.com\/fr\/333153\/"},"modified":"2025-08-21T04:54:13","modified_gmt":"2025-08-21T04:54:13","slug":"bruce-dickinson-salue-lapport-de-simon-dawson-a-iron-maiden","status":"publish","type":"post","link":"https:\/\/www.europesays.com\/fr\/333153\/","title":{"rendered":"Bruce Dickinson salue l\u2019apport de Simon Dawson \u00e0 Iron Maiden"},"content":{"rendered":"<p><strong><a href=\"https:\/\/www.metalzone.fr\/bruce-dickinson\/\" rel=\"nofollow noopener\" target=\"_blank\">Bruce Dickinson<\/a> explique que l\u2019arriv\u00e9e de Simon Dawson \u00e0 la batterie a apport\u00e9 une stabilit\u00e9 pr\u00e9cieuse \u00e0 <a href=\"https:\/\/www.metalzone.fr\/iron-maiden\/\" rel=\"nofollow noopener\" target=\"_blank\">Iron Maiden<\/a> lors de la tourn\u00e9e Run For Your Lives.<\/strong><\/p>\n<p>Bruce Dickinson salue l\u2019apport de Simon Dawson<\/p>\n<p>Dans un entretien avec Rock Of Nations With Dave Kinchen And Shane McEachern, relay\u00e9 par <a href=\"https:\/\/blabbermouth.net\/news\/bruce-dickinson-says-new-iron-maiden-drummer-simon-dawson-brings-stability-to-the-bands-live-shows\" target=\"_blank\" rel=\"nofollow noopener\">Blabbermouth<\/a>, le chanteur d\u2019Iron Maiden a \u00e9voqu\u00e9 la premi\u00e8re tourn\u00e9e du groupe avec Simon Dawson derri\u00e8re les f\u00fbts. Ce dernier a remplac\u00e9 Nicko McBrain, parti en retraite en d\u00e9cembre 2024 suite \u00e0 des probl\u00e8mes de sant\u00e9. Dickinson a pr\u00e9cis\u00e9 : \u201cSimon ne cherche pas \u00e0 imiter Nicko. Sa batterie sonne plus grave, il respecte scrupuleusement les tempos et cela donne au groupe une stabilit\u00e9 appr\u00e9ci\u00e9e par tous. On ne voulait pas d\u2019un clone, mais d\u2019un musicien avec sa propre personnalit\u00e9.\u201d<\/p>\n<p>Un nouveau chapitre pour le groupe<\/p>\n<p>Le d\u00e9part de Nicko McBrain, membre embl\u00e9matique depuis 1982, a marqu\u00e9 la fin d\u2019une \u00e8re. Victime d\u2019un AVC en 2023 et d\u00e9j\u00e0 confront\u00e9 \u00e0 des soucis de sant\u00e9 par le pass\u00e9, il avait annonc\u00e9 sa retraite apr\u00e8s plus de 40 ans au sein du groupe. Simon Dawson, qui avait collabor\u00e9 avec Steve Harris au sein de <a href=\"https:\/\/www.metalzone.fr\/british-lion\/\" rel=\"nofollow noopener\" target=\"_blank\">British Lion<\/a>, a ainsi rejoint Maiden pour cette tourn\u00e9e europ\u00e9enne. Le public a d\u00e9couvert sa frappe plus lourde et r\u00e9guli\u00e8re, un contraste avec le jeu unique de McBrain, mais que le chanteur juge aujourd\u2019hui parfaitement int\u00e9gr\u00e9.<\/p>\n<p>Cette d\u00e9claration s\u2019inscrit dans la continuit\u00e9 des r\u00e9centes prises de parole de Dickinson, que ce soit sur sa m\u00e9thode d\u2019enregistrement pour son prochain album solo, d\u00e9taill\u00e9e <a href=\"https:\/\/www.metalzone.fr\/news\/219541-bruce-dickinson-iron-maiden-methode-prochain-album-direct\/\" target=\"_blank\" rel=\"noopener nofollow\">ici<\/a>, ou encore sur la vision sc\u00e9nique du groupe, qu\u2019il a d\u00e9fendue <a href=\"https:\/\/www.metalzone.fr\/news\/219536-bruce-dickinson-iron-maiden-mal-aise-sphere\/\" target=\"_blank\" rel=\"noopener nofollow\">dans cet article<\/a>.<\/p>\n","protected":false},"excerpt":{"rendered":"Bruce Dickinson explique que l\u2019arriv\u00e9e de Simon Dawson \u00e0 la batterie a apport\u00e9 une stabilit\u00e9 pr\u00e9cieuse \u00e0 Iron&hellip;\n","protected":false},"author":2,"featured_media":333154,"comment_status":"","ping_status":"","sticky":false,"template":"","format":"standard","meta":{"footnotes":""},"categories":[1355],"tags":[58,59,1011,27,1361,873],"class_list":{"0":"post-333153","1":"post","2":"type-post","3":"status-publish","4":"format-standard","5":"has-post-thumbnail","7":"category-musique","8":"tag-divertissement","9":"tag-entertainment","10":"tag-fr","11":"tag-france","12":"tag-music","13":"tag-musique"},"share_on_mastodon":{"url":"https:\/\/pubeurope.com\/@fr\/115064973894235373","error":""},"_links":{"self":[{"href":"https:\/\/www.europesays.com\/fr\/wp-json\/wp\/v2\/posts\/333153","targetHints":{"allow":["GET"]}}],"collection":[{"href":"https:\/\/www.europesays.com\/fr\/wp-json\/wp\/v2\/posts"}],"about":[{"href":"https:\/\/www.europesays.com\/fr\/wp-json\/wp\/v2\/types\/post"}],"author":[{"embeddable":true,"href":"https:\/\/www.europesays.com\/fr\/wp-json\/wp\/v2\/users\/2"}],"replies":[{"embeddable":true,"href":"https:\/\/www.europesays.com\/fr\/wp-json\/wp\/v2\/comments?post=333153"}],"version-history":[{"count":0,"href":"https:\/\/www.europesays.com\/fr\/wp-json\/wp\/v2\/posts\/333153\/revisions"}],"wp:featuredmedia":[{"embeddable":true,"href":"https:\/\/www.europesays.com\/fr\/wp-json\/wp\/v2\/media\/333154"}],"wp:attachment":[{"href":"https:\/\/www.europesays.com\/fr\/wp-json\/wp\/v2\/media?parent=333153"}],"wp:term":[{"taxonomy":"category","embeddable":true,"href":"https:\/\/www.europesays.com\/fr\/wp-json\/wp\/v2\/categories?post=333153"},{"taxonomy":"post_tag","embeddable":true,"href":"https:\/\/www.europesays.com\/fr\/wp-json\/wp\/v2\/tags?post=333153"}],"curies":[{"name":"wp","href":"https:\/\/api.w.org\/{rel}","templated":true}]}}