{"id":333155,"date":"2025-08-21T04:55:35","date_gmt":"2025-08-21T04:55:35","guid":{"rendered":"https:\/\/www.europesays.com\/fr\/333155\/"},"modified":"2025-08-21T04:55:35","modified_gmt":"2025-08-21T04:55:35","slug":"serie-harry-potter-le-casting-des-acteurs-de-la-fratrie-weasley-devoile-photo","status":"publish","type":"post","link":"https:\/\/www.europesays.com\/fr\/333155\/","title":{"rendered":"S\u00e9rie \u00ab\u00a0Harry Potter\u00a0\u00bb\u00a0: le casting des acteurs de la fratrie Weasley d\u00e9voil\u00e9 (photo)"},"content":{"rendered":"<p class=\"ap-StoryElement ap-StoryElement--mb js-paywall-target ap-StoryText\">Ce mardi 19 ao\u00fbt 2025, HBO a lev\u00e9 un autre coin du voile sur le casting de la s\u00e9rie tant attendue par les fans du plus c\u00e9l\u00e8bre des sorciers. Et ce n&rsquo;est pas un moindre morceau, puisqu&rsquo;il s&rsquo;agit des acteurs qui incarneront la fratrie Weasley. \u00ab\u00a0Le Terrier est presque complet\u00a0\u00bb, annonce HBO sur Instagram, faisant r\u00e9f\u00e9rence au nom donn\u00e9 \u00e0 la maison familiale des Weasley dans les films \u00ab\u00a0Harry Potter\u00a0\u00bb.<\/p>\n<p><a href=\"https:\/\/www.parismatch.be\/culture\/series\/2025\/06\/10\/apres-harry-ron-et-hermione-le-casting-de-la-nouvelle-serie-harry-potter-de-hbo-se-complete-photos-AQLWHYBYUFHVJD73B7VEQEKYKQ\/\" target=\"_blank\" rel=\"noopener noreferrer\" class=\"ap-StoryInterstitialLink ap-StoryElement ap-StoryElement--mb\">Apr\u00e8s Harry, Ron et Hermione, le casting de la nouvelle s\u00e9rie \u00ab\u00a0Harry Potter\u00a0\u00bb de HBO se compl\u00e8te (PHOTOS)<\/a>Qui interpr\u00e9tera Ginny Weasley dans la s\u00e9rie \u00ab\u00a0Harry Potter\u00a0\u00bb ?<\/p>\n<p class=\"ap-StoryElement ap-StoryElement--mb ap-StoryText\">\u00ab\u00a0Aux c\u00f4t\u00e9s de notre cher Alastair Stout dans le r\u00f4le de Ron Weasley, nous souhaitons la bienvenue \u00e0 Tristan Harland dans le r\u00f4le de Fred Weasley, Gabriel Harland dans celui de George Weasley, Ruari Spooner dans celui de Percy Weasley et Gracie Cochrane dans celui de Ginny Weasley\u00a0\u00bb, d\u00e9taille ainsi la plateforme, en l\u00e9gende d&rsquo;un selfie de tous les acteurs. Il manque seulement l&rsquo;interpr\u00e8te de Charlie Weasley, le deuxi\u00e8me fils de la famille. \u00ab\u00a0Il est actuellement en Roumanie, mais il nous rejoindra tr\u00e8s bient\u00f4t\u2026\u00a0\u00bb, \u00e9crit HBO. Il s&rsquo;agit ici d&rsquo;une r\u00e9f\u00e9rence au fait que, dans les films, Charlie Weasley est parti en Roumanie pour aller \u00e9tudier les dragons, apr\u00e8s avoir termin\u00e9 ses \u00e9tudes \u00e0 Poudlard.<\/p>\n<p><a href=\"https:\/\/www.parismatch.be\/actualites\/sport\/2025\/07\/16\/les-belges-sont-ils-plus-forts-que-harrt-potter-la-belgique-vient-detre-sacree-championne-du-monde-de-quidditch-UAFQCSMC3VEWFJH62GS5W6SGNI\/\" target=\"_blank\" rel=\"noopener noreferrer\" class=\"ap-StoryInterstitialLink ap-StoryElement ap-StoryElement--mb\">Les Belges sont-ils plus forts que Harry Potter ? La Belgique vient d&rsquo;\u00eatre sacr\u00e9e championne du monde de Quidditch<\/a><\/p>\n","protected":false},"excerpt":{"rendered":"Ce mardi 19 ao\u00fbt 2025, HBO a lev\u00e9 un autre coin du voile sur le casting de la&hellip;\n","protected":false},"author":2,"featured_media":333156,"comment_status":"","ping_status":"","sticky":false,"template":"","format":"standard","meta":{"footnotes":""},"categories":[1354],"tags":[47035,4502,47036,47037,47038,47039,47040,1805,58,47041,47068,47042,3026,59,47043,47044,1346,47045,1011,27,47046,47047,4844,47048,3654,47049,3736,1360,4653,47050,47051,47052,47053,47054,47055,11388,47056,47057,47058,47059,12960,47060,47061,47062,47063,25664,26883,22596,47064,47065,24617,47066,47067],"class_list":{"0":"post-333155","1":"post","2":"type-post","3":"status-publish","4":"format-standard","5":"has-post-thumbnail","7":"category-films","8":"tag-achter","9":"tag-amsterdam","10":"tag-amsterdamse","11":"tag-anp","12":"tag-beeld","13":"tag-bij","14":"tag-blijft","15":"tag-de","16":"tag-divertissement","17":"tag-donderdag","18":"tag-een","19":"tag-elzinga","20":"tag-en","21":"tag-entertainment","22":"tag-er","23":"tag-evert","24":"tag-films","25":"tag-foto","26":"tag-fr","27":"tag-france","28":"tag-gebeurde","29":"tag-grint","30":"tag-harry","31":"tag-het","32":"tag-james","33":"tag-kippa","34":"tag-met","35":"tag-movies","36":"tag-oliver","37":"tag-op","38":"tag-openden","39":"tag-opening","40":"tag-openluchttentoonstelling","41":"tag-opnames","42":"tag-phelps","43":"tag-plein","44":"tag-poseren","45":"tag-potter","46":"tag-potteracteurs","47":"tag-potterfilms","48":"tag-rembrandt","49":"tag-rembrandtplein","50":"tag-rupert","51":"tag-schermen","52":"tag-staan","53":"tag-tentoonstelling","54":"tag-twee","55":"tag-van","56":"tag-voor","57":"tag-waar","58":"tag-wat","59":"tag-weken","60":"tag-zij"},"share_on_mastodon":{"url":"","error":"Validation failed: Text character limit of 500 exceeded"},"_links":{"self":[{"href":"https:\/\/www.europesays.com\/fr\/wp-json\/wp\/v2\/posts\/333155","targetHints":{"allow":["GET"]}}],"collection":[{"href":"https:\/\/www.europesays.com\/fr\/wp-json\/wp\/v2\/posts"}],"about":[{"href":"https:\/\/www.europesays.com\/fr\/wp-json\/wp\/v2\/types\/post"}],"author":[{"embeddable":true,"href":"https:\/\/www.europesays.com\/fr\/wp-json\/wp\/v2\/users\/2"}],"replies":[{"embeddable":true,"href":"https:\/\/www.europesays.com\/fr\/wp-json\/wp\/v2\/comments?post=333155"}],"version-history":[{"count":0,"href":"https:\/\/www.europesays.com\/fr\/wp-json\/wp\/v2\/posts\/333155\/revisions"}],"wp:featuredmedia":[{"embeddable":true,"href":"https:\/\/www.europesays.com\/fr\/wp-json\/wp\/v2\/media\/333156"}],"wp:attachment":[{"href":"https:\/\/www.europesays.com\/fr\/wp-json\/wp\/v2\/media?parent=333155"}],"wp:term":[{"taxonomy":"category","embeddable":true,"href":"https:\/\/www.europesays.com\/fr\/wp-json\/wp\/v2\/categories?post=333155"},{"taxonomy":"post_tag","embeddable":true,"href":"https:\/\/www.europesays.com\/fr\/wp-json\/wp\/v2\/tags?post=333155"}],"curies":[{"name":"wp","href":"https:\/\/api.w.org\/{rel}","templated":true}]}}