{"id":333157,"date":"2025-08-21T04:56:10","date_gmt":"2025-08-21T04:56:10","guid":{"rendered":"https:\/\/www.europesays.com\/fr\/333157\/"},"modified":"2025-08-21T04:56:10","modified_gmt":"2025-08-21T04:56:10","slug":"moustiques-une-situation-inedite-les-cas-de-chikungunya-dengue-et-west-nile-explosent-en-metropole","status":"publish","type":"post","link":"https:\/\/www.europesays.com\/fr\/333157\/","title":{"rendered":"Moustiques : \u00ab\u00a0une situation in\u00e9dite\u00a0\u00bb, les cas de chikungunya, dengue et West Nile explosent en m\u00e9tropole"},"content":{"rendered":"<p class=\"paragraph text_align_left lp-f-body-02\">\u00ab Une situation pr\u00e9occupante et in\u00e9dite \u00bb. Ces derni\u00e8res semaines, la France m\u00e9tropolitaine est confront\u00e9e \u00e0 une hausse importante des cas de maladie tropicale de <a href=\"https:\/\/www.leparisien.fr\/societe\/sante\/ne-le-prenez-surtout-pas-a-la-legere-dengue-chikungunya-ils-sont-tombes-malades-a-cause-des-moustiques-06-08-2025-5JLHMQHB5RBPJNQLLNPN6XWSSU.php\" target=\"_self\" rel=\"nofollow noopener\">la dengue, du chikungunya et du West Nile<\/a>. Transmis par des piq\u00fbres de moustique, l\u2019\u00e9t\u00e9 2025 s\u2019av\u00e8re historique.<\/p>\n<p class=\"paragraph text_align_left lp-f-body-02\">\u00ab On a d\u00e9j\u00e0 atteint quasiment le total de la saison pr\u00e9c\u00e9dente avant m\u00eame d\u2019avoir pass\u00e9 cette p\u00e9riode de pic \u00bb, d\u00e9plore Rachel Bellone, chercheuse dans l\u2019unit\u00e9 Arbovirus et Insectes Vecteurs de l\u2019Institut Pasteur.<\/p>\n<p class=\"paragraph text_align_left lp-f-body-02\">Ce mercredi Sant\u00e9 publique France a identifi\u00e9 \u00ab 27 \u00e9pisodes de <a href=\"https:\/\/www.leparisien.fr\/societe\/sante\/ne-le-prenez-surtout-pas-a-la-legere-dengue-chikungunya-ils-sont-tombes-malades-a-cause-des-moustiques-06-08-2025-5JLHMQHB5RBPJNQLLNPN6XWSSU.php\" target=\"_self\" rel=\"nofollow noopener\">chikungunya<\/a> totalisant 154 cas France hexagonaux \u00bb, soit une hausse de quatre foyers et de quarantaine de cas par rapport \u00e0 la semaine pr\u00e9c\u00e9dente. Une situation d\u2019une ampleur in\u00e9dite.<\/p>\n<p class=\"paragraph text_align_left lp-f-body-02\">M\u00eame hausse des cas pour <a href=\"https:\/\/www.leparisien.fr\/societe\/sante\/dengue-le-premier-episode-de-transmission-autochtone-de-lannee-en-metropole-identifie-en-auvergne-rhone-alpes-09-07-2025-TOMLO62TANG7TLCDKAXEJFJDA4.php\" target=\"_self\" rel=\"nofollow noopener\">la dengue<\/a>, lui aussi transmis par les piq\u00fbres de moustique. Sept foyers ont \u00e9t\u00e9 identifi\u00e9s pour 13 cas, contre six foyers et onze cas la semaine derni\u00e8re.<\/p>\n<p class=\"paragraph text_align_left lp-f-body-02\">La fi\u00e8vre \u00ab West Nile \u00bb ou <a href=\"https:\/\/www.leparisien.fr\/societe\/sante\/virus-du-nil-occidental-deux-premiers-cas-autochtones-detectes-en-ile-de-france-13-08-2025-WIE5ZMLTR5HJPKS7QZMGLV3KKI.php\" target=\"_self\" rel=\"nofollow noopener\">fi\u00e8vre du Nil occidental<\/a>, qui n\u2019est pas transmise par le moustique-tigre mais par la vari\u00e9t\u00e9 Culex, plus courante en France m\u00e9tropolitaine est elle aussi tr\u00e8s virulente. 13 ont \u00e9t\u00e9 recens\u00e9s cet \u00e9t\u00e9, dont la plupart en r\u00e9gion parisienne.<\/p>\n<p>\u00ab Des foyers plus nombreux et importants \u00bb<\/p>\n<p class=\"paragraph text_align_left lp-f-body-02\">Une explosion des cas li\u00e9s surtout \u00e0 la g\u00e9n\u00e9ralisation du moustique-tigre sur l\u2019ensemble du territoire, ce dernier \u00e9tant vecteur de la dengue et du <a href=\"https:\/\/www.leparisien.fr\/societe\/sante\/le-chikungunya-circule-a-un-niveau-jamais-vu-en-metropole-aussi-tot-dans-lannee-25-06-2025-S7B4CN45I5DPVAILNWG2ROAUEM.php\" target=\"_self\" rel=\"nofollow noopener\">chikungunya<\/a>.<\/p>\n<p class=\"paragraph text_align_left lp-f-body-02\"><a href=\"https:\/\/www.leparisien.fr\/societe\/sante\/le-risque-est-reel-plongee-dans-lunite-speciale-qui-surveille-le-chikungunya-en-metropole-27-06-2025-FODM2IU3CNGOLPAMW2RQGQKIQM.php\" target=\"_self\" rel=\"nofollow noopener\">Une situation \u00ab assez pr\u00e9occupante \u00bb<\/a> pour Rachel Bellone, par rapport aux \u00e9t\u00e9s pr\u00e9c\u00e9dents. \u00ab Les premi\u00e8res ann\u00e9es, quand on a eu les premi\u00e8res d\u00e9tections, ce n\u2019\u00e9tait pas forc\u00e9ment r\u00e9current. Les foyers sont donc de plus en plus nombreux et importants \u00bb, explique-t-elle.<\/p>\n<p class=\"paragraph text_align_left lp-f-body-02\">La raison de cette explosion des cas ? La pr\u00e9sence g\u00e9n\u00e9ralis\u00e9e des<a href=\"https:\/\/www.leparisien.fr\/hauts-de-seine-92\/proliferation-du-moustique-tigre-a-saint-cloud-une-formation-speciale-pour-les-agents-municipaux-29-05-2025-SBPSVDJFINEV5OATZUGLHLSK34.php\" target=\"_self\" rel=\"nofollow noopener\"> moustiques-tigres<\/a> sur l\u2019ensemble du territoire favoris\u00e9 par l\u2019installation d\u2019un climat chaud sur l\u2019ensemble de l\u2019Hexagone.<\/p>\n<p class=\"paragraph text_align_left lp-f-body-02\">\u00ab <a href=\"https:\/\/www.leparisien.fr\/societe\/sante\/cest-le-combo-parfait-pour-eux-en-ile-de-france-pluies-et-chaleur-assurent-un-bel-ete-aux-moustiques-13-08-2025-UTS5VFYGSBGDJMMPKFG6ONVRF4.php\" target=\"_self\" rel=\"nofollow noopener\">Le moustique-tigre<\/a> est arriv\u00e9 en 2004 dans le sud de la France et, en 20 ans, il a colonis\u00e9 la quasi-totalit\u00e9 du territoire. Et il y a des \u00e9pid\u00e9mies un peu partout dans le monde : quand les gens voyagent et reviennent sur le territoire, ils retrouvent le moustique, un vecteur comp\u00e9tent, toutes les conditions sont r\u00e9unies pour une transmission \u00bb, compl\u00e8te Rachel Bellone.<\/p>\n<p class=\"paragraph text_align_left lp-f-body-02\">Ces trois maladies ont des sympt\u00f4mes proches, s\u2019apparentant \u00e0 un \u00e9tat grippal avec de la fi\u00e8vre et des douleurs musculaires.<\/p>\n","protected":false},"excerpt":{"rendered":"\u00ab Une situation pr\u00e9occupante et in\u00e9dite \u00bb. Ces derni\u00e8res semaines, la France m\u00e9tropolitaine est confront\u00e9e \u00e0 une hausse&hellip;\n","protected":false},"author":2,"featured_media":316443,"comment_status":"","ping_status":"","sticky":false,"template":"","format":"standard","meta":{"footnotes":""},"categories":[10],"tags":[1011,27,72,71,104],"class_list":{"0":"post-333157","1":"post","2":"type-post","3":"status-publish","4":"format-standard","5":"has-post-thumbnail","7":"category-sante","8":"tag-fr","9":"tag-france","10":"tag-health","11":"tag-sante","12":"tag-societe"},"share_on_mastodon":{"url":"https:\/\/pubeurope.com\/@fr\/115064981587810378","error":""},"_links":{"self":[{"href":"https:\/\/www.europesays.com\/fr\/wp-json\/wp\/v2\/posts\/333157","targetHints":{"allow":["GET"]}}],"collection":[{"href":"https:\/\/www.europesays.com\/fr\/wp-json\/wp\/v2\/posts"}],"about":[{"href":"https:\/\/www.europesays.com\/fr\/wp-json\/wp\/v2\/types\/post"}],"author":[{"embeddable":true,"href":"https:\/\/www.europesays.com\/fr\/wp-json\/wp\/v2\/users\/2"}],"replies":[{"embeddable":true,"href":"https:\/\/www.europesays.com\/fr\/wp-json\/wp\/v2\/comments?post=333157"}],"version-history":[{"count":0,"href":"https:\/\/www.europesays.com\/fr\/wp-json\/wp\/v2\/posts\/333157\/revisions"}],"wp:featuredmedia":[{"embeddable":true,"href":"https:\/\/www.europesays.com\/fr\/wp-json\/wp\/v2\/media\/316443"}],"wp:attachment":[{"href":"https:\/\/www.europesays.com\/fr\/wp-json\/wp\/v2\/media?parent=333157"}],"wp:term":[{"taxonomy":"category","embeddable":true,"href":"https:\/\/www.europesays.com\/fr\/wp-json\/wp\/v2\/categories?post=333157"},{"taxonomy":"post_tag","embeddable":true,"href":"https:\/\/www.europesays.com\/fr\/wp-json\/wp\/v2\/tags?post=333157"}],"curies":[{"name":"wp","href":"https:\/\/api.w.org\/{rel}","templated":true}]}}