{"id":333160,"date":"2025-08-21T04:59:10","date_gmt":"2025-08-21T04:59:10","guid":{"rendered":"https:\/\/www.europesays.com\/fr\/333160\/"},"modified":"2025-08-21T04:59:10","modified_gmt":"2025-08-21T04:59:10","slug":"mettez-a-jour-immediatement-vos-iphone-ipad-et-mac","status":"publish","type":"post","link":"https:\/\/www.europesays.com\/fr\/333160\/","title":{"rendered":"mettez \u00e0 jour imm\u00e9diatement vos iPhone, iPad et Mac"},"content":{"rendered":"<p>Les utilisateurs d\u2019iPhone, d\u2019iPad et de Mac devraient toutes affaires cessantes installer la derni\u00e8re mise \u00e0 jour d\u2019iOS, d\u2019iPadOS et de macOS. Elle contient en effet un correctif pour une faille de s\u00e9curit\u00e9 particuli\u00e8rement dangereuse.<\/p>\n<p>Vite, rendez-vous dans les r\u00e9glages de votre appareil Apple pour installer la derni\u00e8re mise \u00e0 jour de son syst\u00e8me d\u2019exploitation\u00a0! <strong>iOS 18.6.2<\/strong>, <strong>iPadOS 18.6.2<\/strong> et <strong>macOS Sequoia 15.6.1<\/strong> contiennent en effet un correctif pour une vuln\u00e9rabilit\u00e9 \u00ab\u00a0z\u00e9ro day\u00a0\u00bb, c\u2019est \u00e0 dire d\u00e9j\u00e0 exploit\u00e9e par des pirates.<\/p>\n<p> Corruption de la m\u00e9moire <\/p>\n<p>Le traitement d\u2019un fichier image malveillant peut entra\u00eener une corruption de la m\u00e9moire de l\u2019appareil. \u00ab\u00a0Apple est au courant d\u2019un rapport indiquant que ce probl\u00e8me aurait pu \u00eatre exploit\u00e9 dans le cadre d\u2019une attaque extr\u00eamement sophistiqu\u00e9e visant des individus sp\u00e9cifiques\u00a0\u00bb, ajoute le constructeur.<\/p>\n<p>M\u00eame s\u2019il ne s\u2019agit que d\u2019attaques cibl\u00e9es, mieux vaut donc ne pas jouer avec le feu et appliquer d\u00e8s \u00e0 pr\u00e9sent la mise \u00e0 jour. Apple propose aussi en parall\u00e8le iPadOS 17.7.10, macOS 14.7.8, et macOS 13.7.8 qui embarquent le m\u00eame correctif pour des appareils plus anciens.<\/p>\n<blockquote>\n<p class=\"text-base text-neutral-700 dark:text-neutral-300\">\ud83d\udd34 Pour ne manquer aucune actualit\u00e9 de 01net, suivez-nous sur <a href=\"https:\/\/news.google.com\/publications\/CAAqBwgKMJPsvAswoIfUAw?hl=fr&amp;gl=FR&amp;ceid=FR%3Afr\" target=\"_blank\" rel=\"noopener\">Google Actualit\u00e9s<\/a> et <a href=\"https:\/\/whatsapp.com\/channel\/0029VaH5gKg6xCSG9nQQhQ1Z\" target=\"_blank\" rel=\"noopener\">WhatsApp<\/a>.<\/p>\n<\/blockquote>\n<p class=\"post-source\">\n            Source :<br \/>\n            <a href=\"https:\/\/support.apple.com\/en-us\/124925\" target=\"_blank\" rel=\"noopener\"><br \/>\n              Apple<br \/>\n            <\/a>\n          <\/p>\n","protected":false},"excerpt":{"rendered":"Les utilisateurs d\u2019iPhone, d\u2019iPad et de Mac devraient toutes affaires cessantes installer la derni\u00e8re mise \u00e0 jour d\u2019iOS,&hellip;\n","protected":false},"author":2,"featured_media":333161,"comment_status":"","ping_status":"","sticky":false,"template":"","format":"standard","meta":{"footnotes":""},"categories":[7],"tags":[733,1011,27,43,40,41,39,42,44],"class_list":{"0":"post-333160","1":"post","2":"type-post","3":"status-publish","4":"format-standard","5":"has-post-thumbnail","7":"category-sciences-et-technologies","8":"tag-apple","9":"tag-fr","10":"tag-france","11":"tag-science","12":"tag-science-and-technology","13":"tag-sciences","14":"tag-sciences-et-technologies","15":"tag-technologies","16":"tag-technology"},"share_on_mastodon":{"url":"https:\/\/pubeurope.com\/@fr\/115064993478928657","error":""},"_links":{"self":[{"href":"https:\/\/www.europesays.com\/fr\/wp-json\/wp\/v2\/posts\/333160","targetHints":{"allow":["GET"]}}],"collection":[{"href":"https:\/\/www.europesays.com\/fr\/wp-json\/wp\/v2\/posts"}],"about":[{"href":"https:\/\/www.europesays.com\/fr\/wp-json\/wp\/v2\/types\/post"}],"author":[{"embeddable":true,"href":"https:\/\/www.europesays.com\/fr\/wp-json\/wp\/v2\/users\/2"}],"replies":[{"embeddable":true,"href":"https:\/\/www.europesays.com\/fr\/wp-json\/wp\/v2\/comments?post=333160"}],"version-history":[{"count":0,"href":"https:\/\/www.europesays.com\/fr\/wp-json\/wp\/v2\/posts\/333160\/revisions"}],"wp:featuredmedia":[{"embeddable":true,"href":"https:\/\/www.europesays.com\/fr\/wp-json\/wp\/v2\/media\/333161"}],"wp:attachment":[{"href":"https:\/\/www.europesays.com\/fr\/wp-json\/wp\/v2\/media?parent=333160"}],"wp:term":[{"taxonomy":"category","embeddable":true,"href":"https:\/\/www.europesays.com\/fr\/wp-json\/wp\/v2\/categories?post=333160"},{"taxonomy":"post_tag","embeddable":true,"href":"https:\/\/www.europesays.com\/fr\/wp-json\/wp\/v2\/tags?post=333160"}],"curies":[{"name":"wp","href":"https:\/\/api.w.org\/{rel}","templated":true}]}}