{"id":333164,"date":"2025-08-21T05:01:09","date_gmt":"2025-08-21T05:01:09","guid":{"rendered":"https:\/\/www.europesays.com\/fr\/333164\/"},"modified":"2025-08-21T05:01:09","modified_gmt":"2025-08-21T05:01:09","slug":"bresil-jair-bolsonaro-a-voulu-fuir-en-argentine-et-demander-lasile-politique-selon-la-police-le-monde-fr","status":"publish","type":"post","link":"https:\/\/www.europesays.com\/fr\/333164\/","title":{"rendered":"Br\u00e9sil : Jair Bolsonaro a voulu fuir en Argentine et demander l\u2019asile politique, selon la police &#8211; Le Monde.fr"},"content":{"rendered":"<ol>\n<li><a href=\"https:\/\/news.google.com\/rss\/articles\/CBMi-wFBVV95cUxNM2I4SGU5RzZ0Q3lVTjFVaG5NTHBfMG1GN291a3FxREFVMVdXbVFOQko0cEFMVGt2aExlMUkzeXlrOFFkZjVqbUIwbVZwWS1ha0twUEJOSlJKVVVYMFJHcmh1ekdOM2p2VmtrcTRZNmpzUmxFYklJZllwcHJtUjhxQ0FZeEs0dm5pUHE0S1kwQ2lFaUp6U2RTb2tJczA2enRERHVBMUJ1dlhRcGNYVUtzYk5hNk1jUWRXbl9HSmQwZXhVeU5BZFlyRDNOdXdxQm9HckRlYzVobFpWaVhxRHlPbnJjQVdGbXA5bW5jXzhBa2huZGtuN2JjVnhTWQ?oc=5\" target=\"_blank\" rel=\"noopener\">Br\u00e9sil : Jair Bolsonaro a voulu fuir en Argentine et demander l\u2019asile politique, selon la police<\/a>&nbsp;&nbsp;Le Monde.fr<\/li>\n<li><a href=\"https:\/\/news.google.com\/rss\/articles\/CBMiugFBVV95cUxQdEZLLXowUEtPSVE1RExlTHl5Wk00S0JncmpLa0dNbDV5RllhV2gxbE1pTmNHaUVkTVhDZnVRXzlDMGgtNWVlb0ltZzZiMkRlc0hjeW1PTXc2LUFROE1iczQweTFhVFgxZU9idkotcDlUUVo0RHJlOGVpM1JzUjZqOUVQQVhjbllNX2pzbHhXVk1WNG95dV9CUnB2YU81enFsUDZHalhmamY2SFBxbFNlLXpFR2pLemp1S1E?oc=5\" target=\"_blank\" rel=\"noopener\">Br\u00e9sil : Jair Bolsonaro sera jug\u00e9 le 2 septembre pour tentative de coup d&rsquo;Etat<\/a>&nbsp;&nbsp;Outre-mer la 1\u00e8re<\/li>\n<li><a href=\"https:\/\/news.google.com\/rss\/articles\/CBMi0AFBVV95cUxQNENQVkE1by1PYXE3bXlOVERRbnNTaV9zRV9JOEFBQkJZdkZ2UnA3VHRIRWJkdzFXeldmZ0tDV3VidzJuR2FYV0txWHB4WVNoRW1LRGtLNU54OEhwVjRENjR5bm9zSGx2ZDQzdUEwdkdKSzlEZGw1NGxqVk9uUHQ0MC1YWFhoc1IyQnNHMGx4NEtodGxTZF93UU92SzFBdDNIVENlZklGT0RXTzF6UlRwVnRiSV9BZEVJTEU3WC1Ba29KMFRjNU1MaVoyaHVkX0xu?oc=5\" target=\"_blank\" rel=\"noopener\">Br\u00e9sil : Bolsonaro r\u00e9alise des examens m\u00e9dicaux \u00e0 quelques semaines d&rsquo;une d\u00e9cision de justice<\/a>&nbsp;&nbsp;Le Figaro<\/li>\n<li><a href=\"https:\/\/news.google.com\/rss\/articles\/CBMi8gFBVV95cUxOdjBndFJEN2hqYjRORHN4TzdkbGNTcGxmRmpjTm10VklnMklGTUNab0p1Slc1Z2RFNGU4UEQ5bmhTdHZscUdRMTJlWmpuT0c2bWFXWXRHMlZxVFZmQlJsMmNaREo2WnE0MU9wMjJ2Zmp1NDlRZGszT0ZsVDdCak9OYkwtNV9zOThJYU5SZHhERThvX3NBVjAxWTNuTEdkeUdPZWIxSVU2aWdfVHZVQTEwLVBjdlhtaWR1SjRNZGJxdU80Tll3RTJEYllKQU9PM0xLOEN4YzBlNjRtcTBrdXkxQUNMZ1BHeEJuY1lzbFRzUXh3Z9IB9wFBVV95cUxPdF9JVWwyX0FMWW1OWThHZktMYXRjMjVIM0pSVDc4TmNSUHNlalVhOXBTaXRQUVU5TFByMXBpX0NfUmp5TURMNkxBTUU3Y3ZCV2xzQnYxZ0dVSjZVaU15dTQtc0Y3MjExTTFlTjFDT01Ock5JVFJHTExrUGJOZjlzdzFNSEt2X2hRRzdNS3VxVGhocURmSUZtbnltSkVrLXpsaWFLSHhlZFBrUHNicDNWN3ozVXhRdlFHbktCNEJfOW5ZMzc4TjBOaUg2YXZFbFdaNWt2MWkxOFBtcGlZbTZRWkZmeDdIMGlhdlA4NU9OaGNQVE9YSVpv?oc=5\" target=\"_blank\" rel=\"noopener\">Br\u00e9sil-Bolsonaro a r\u00e9dig\u00e9 une demande d&rsquo;asile politique en Argentine, dit la police<\/a>&nbsp;&nbsp;Boursorama<\/li>\n<li><a href=\"https:\/\/news.google.com\/rss\/articles\/CBMi2gFBVV95cUxNVG83MVBQMURRMDF1aG0yaXFjZzFWU3k1LTV6TzVyV1FSb3RHSFJzTUp4eVBhY2JBMFl4MGVOdDR5V2VaSkFudkk0dFd2Zk1PcXE2d3dTZ2hhWXc0RGZ6eTRFYlUyT182NUgtMWc1N0xoeVZsbEpjX3FJdW1EQnplOTY5bTJndG91ak9GRmtxRFdta3ZVa0xBT1NMcE4zNVVxMFhXSUV1X0JpMGV1UGhFQjM3NjFPN2JzdjdkSEZZX1c2c21KREJYSi05c3dYVm5HN0xWalBULVVJUQ?oc=5\" target=\"_blank\" rel=\"noopener\">Les avocats de Bolsonaro demandent l&rsquo;acquittement \u00e0 son proc\u00e8s<\/a>&nbsp;&nbsp;La Libre.be<\/li>\n<\/ol>\n","protected":false},"excerpt":{"rendered":"Br\u00e9sil : Jair Bolsonaro a voulu fuir en Argentine et demander l\u2019asile politique, selon la police&nbsp;&nbsp;Le Monde.fr Br\u00e9sil&hellip;\n","protected":false},"author":2,"featured_media":1445,"comment_status":"","ping_status":"","sticky":false,"template":"","format":"standard","meta":{"footnotes":""},"categories":[5],"tags":[11,1011,27,14,12,28],"class_list":{"0":"post-333164","1":"post","2":"type-post","3":"status-publish","4":"format-standard","5":"has-post-thumbnail","7":"category-international","8":"tag-actualites","9":"tag-fr","10":"tag-france","11":"tag-international","12":"tag-news","13":"tag-world"},"share_on_mastodon":{"url":"https:\/\/pubeurope.com\/@fr\/115065001273579300","error":""},"_links":{"self":[{"href":"https:\/\/www.europesays.com\/fr\/wp-json\/wp\/v2\/posts\/333164","targetHints":{"allow":["GET"]}}],"collection":[{"href":"https:\/\/www.europesays.com\/fr\/wp-json\/wp\/v2\/posts"}],"about":[{"href":"https:\/\/www.europesays.com\/fr\/wp-json\/wp\/v2\/types\/post"}],"author":[{"embeddable":true,"href":"https:\/\/www.europesays.com\/fr\/wp-json\/wp\/v2\/users\/2"}],"replies":[{"embeddable":true,"href":"https:\/\/www.europesays.com\/fr\/wp-json\/wp\/v2\/comments?post=333164"}],"version-history":[{"count":0,"href":"https:\/\/www.europesays.com\/fr\/wp-json\/wp\/v2\/posts\/333164\/revisions"}],"wp:featuredmedia":[{"embeddable":true,"href":"https:\/\/www.europesays.com\/fr\/wp-json\/wp\/v2\/media\/1445"}],"wp:attachment":[{"href":"https:\/\/www.europesays.com\/fr\/wp-json\/wp\/v2\/media?parent=333164"}],"wp:term":[{"taxonomy":"category","embeddable":true,"href":"https:\/\/www.europesays.com\/fr\/wp-json\/wp\/v2\/categories?post=333164"},{"taxonomy":"post_tag","embeddable":true,"href":"https:\/\/www.europesays.com\/fr\/wp-json\/wp\/v2\/tags?post=333164"}],"curies":[{"name":"wp","href":"https:\/\/api.w.org\/{rel}","templated":true}]}}