{"id":333169,"date":"2025-08-21T05:04:11","date_gmt":"2025-08-21T05:04:11","guid":{"rendered":"https:\/\/www.europesays.com\/fr\/333169\/"},"modified":"2025-08-21T05:04:11","modified_gmt":"2025-08-21T05:04:11","slug":"qui-est-le-nouveau-directeur-departemental-adjoint-des-pompiers","status":"publish","type":"post","link":"https:\/\/www.europesays.com\/fr\/333169\/","title":{"rendered":"qui est le nouveau directeur d\u00e9partemental adjoint des pompiers"},"content":{"rendered":"<p>Le colonel Christophe Di Girolamo vient de rejoindre le Service d\u00e9partemental d\u2019incendie et de secours (Sdis) de la Loire comme directeur d\u00e9partemental adjoint. Il occupait jusqu\u2019alors le m\u00eame poste en Martinique.<\/p>\n<p>\u00ab\u00a0Titulaire d\u2019un master 2 en gestion des risques et de la s\u00e9curit\u00e9 des patrimoines industriels et immobiliers, il a, au cours de sa carri\u00e8re, occup\u00e9 plusieurs postes dans les Sdis du Nord et de l\u2019Yonne\u00a0\u00bb, pr\u00e9cise le Sdis 42 dans un communiqu\u00e9.<\/p>\n<p>Direction la Meurthe-et-Moselle pour son pr\u00e9d\u00e9cesseur<\/p>\n<p>Originaire de Bourgogne, il est \u00e2g\u00e9 de 41 ans et est p\u00e8re de deux enfants. Il secondera donc le contr\u00f4leur g\u00e9n\u00e9ral Eric Meunier, directeur d\u00e9partemental du Sdis. Il succ\u00e8de au colonel Jean-Philippe Gueugneau, qui a pris les fonctions de directeur d\u00e9partemental du Sdis de Meurthe-et-Moselle.<\/p>\n","protected":false},"excerpt":{"rendered":"Le colonel Christophe Di Girolamo vient de rejoindre le Service d\u00e9partemental d\u2019incendie et de secours (Sdis) de la&hellip;\n","protected":false},"author":2,"featured_media":333170,"comment_status":"","ping_status":"","sticky":false,"template":"","format":"standard","meta":{"footnotes":""},"categories":[9653],"tags":[1111,11,2430,7539,1777,674,274,1011,27,3367,12,25,4001,7538],"class_list":{"0":"post-333169","1":"post","2":"type-post","3":"status-publish","4":"format-standard","5":"has-post-thumbnail","7":"category-saint-etienne","8":"tag-actu","9":"tag-actualites","10":"tag-auvergne-rhone-alpes","11":"tag-edition-loire-sud","12":"tag-eu","13":"tag-europe","14":"tag-faits-divers-justice","15":"tag-fr","16":"tag-france","17":"tag-loire","18":"tag-news","19":"tag-republique-francaise","20":"tag-saint-etienne","21":"tag-saint-etienne-ville"},"share_on_mastodon":{"url":"https:\/\/pubeurope.com\/@fr\/115065013310283610","error":""},"_links":{"self":[{"href":"https:\/\/www.europesays.com\/fr\/wp-json\/wp\/v2\/posts\/333169","targetHints":{"allow":["GET"]}}],"collection":[{"href":"https:\/\/www.europesays.com\/fr\/wp-json\/wp\/v2\/posts"}],"about":[{"href":"https:\/\/www.europesays.com\/fr\/wp-json\/wp\/v2\/types\/post"}],"author":[{"embeddable":true,"href":"https:\/\/www.europesays.com\/fr\/wp-json\/wp\/v2\/users\/2"}],"replies":[{"embeddable":true,"href":"https:\/\/www.europesays.com\/fr\/wp-json\/wp\/v2\/comments?post=333169"}],"version-history":[{"count":0,"href":"https:\/\/www.europesays.com\/fr\/wp-json\/wp\/v2\/posts\/333169\/revisions"}],"wp:featuredmedia":[{"embeddable":true,"href":"https:\/\/www.europesays.com\/fr\/wp-json\/wp\/v2\/media\/333170"}],"wp:attachment":[{"href":"https:\/\/www.europesays.com\/fr\/wp-json\/wp\/v2\/media?parent=333169"}],"wp:term":[{"taxonomy":"category","embeddable":true,"href":"https:\/\/www.europesays.com\/fr\/wp-json\/wp\/v2\/categories?post=333169"},{"taxonomy":"post_tag","embeddable":true,"href":"https:\/\/www.europesays.com\/fr\/wp-json\/wp\/v2\/tags?post=333169"}],"curies":[{"name":"wp","href":"https:\/\/api.w.org\/{rel}","templated":true}]}}