{"id":33317,"date":"2025-04-18T05:42:15","date_gmt":"2025-04-18T05:42:15","guid":{"rendered":"https:\/\/www.europesays.com\/fr\/33317\/"},"modified":"2025-04-18T05:42:15","modified_gmt":"2025-04-18T05:42:15","slug":"podcast-ecoutez-linterview-de-bastien-le-chanteur-du-groupe-stephanois-alkabaya-en-concert-au-festival-paroles-et-musiques","status":"publish","type":"post","link":"https:\/\/www.europesays.com\/fr\/33317\/","title":{"rendered":"PODCAST : \u00c9COUTEZ L&rsquo;INTERVIEW DE BASTIEN, LE CHANTEUR DU GROUPE ST\u00c9PHANOIS ALKABAYA, EN CONCERT AU FESTIVAL PAROLES ET MUSIQUES"},"content":{"rendered":"<p>                <a href=\"https:\/\/42info.fr\/gagnez-vos-places-pour-le-concert-de-la-star-academy-au-zenith-de-saint-etienne\/\" target=\"_blank\" aria-label=\"JEU STAR AC\" rel=\"nofollow noopener\"><img loading=\"lazy\" decoding=\"async\" src=\"https:\/\/www.europesays.com\/fr\/wp-content\/uploads\/2025\/04\/JEU-STAR-AC-scaled.jpg\" alt=\"\"   width=\"2560\" height=\"1440\"\/><\/a><\/p>\n<p>Le groupe st\u00e9phanois Alkabaya se distingue par une particularit\u00e9 peu commune : \u00eatre l\u2019unique r\u00e9f\u00e9rence \u00e0 ce nom sur les moteurs de recherche. Formation musicale fond\u00e9e en 2008, le quatuor men\u00e9 par Bastien Vidal a construit sa renomm\u00e9e \u00e0 travers une pr\u00e9sence sc\u00e9nique impressionnante avec plus de 500 concerts \u00e0 son actif et bient\u00f4t celui du<strong> Festival Paroles et Musiques \u00e0 Saint-Etienne<\/strong>.<\/p>\n<p>Apr\u00e8s seize ann\u00e9es d\u2019existence, Alkabaya ne montre aucun signe d\u2019essoufflement. Le groupe annonce la sortie de son nouveau single \u00ab\u00a0<strong>Viens t\u2019allonger<\/strong>\u00a0\u00bb pr\u00e9vu pour d\u00e9but 2025, pr\u00e9lude \u00e0 un album complet actuellement en pr\u00e9paration. Cette activit\u00e9 cr\u00e9ative t\u00e9moigne de l\u2019\u00e9nergie intacte du groupe compos\u00e9 de Florian Jacquemond \u00e0 la batterie, Anthony Tournier \u00e0 la trompette et aux claviers, et Thibault Preciat \u00e0 l\u2019accord\u00e9on et aux claviers.<\/p>\n<p><strong>Une date \u00e9v\u00e9nement \u00e0 ne pas manquer<\/strong><\/p>\n<p>Les fans et curieux pourront d\u00e9couvrir <strong>les nouvelles compositions d\u2019Alkabaya lors d\u2019un concert exceptionnel programm\u00e9 au Z\u00e9nith le 24 mai 2025 \u00e0 18h<\/strong> <strong>dans le cadre du Festival Paroles et Musiques \u00e0 Saint-Etienne<\/strong>. Cette performance s\u2019annonce comme un tournant significatif dans la carri\u00e8re du groupe, promettant de nouvelles sonorit\u00e9s tout en conservant l\u2019identit\u00e9 musicale qui a fait son succ\u00e8s.<\/p>\n<p>\u00c9coutez le podcast avec l\u2019interview de Bastien, le chanteur du groupe d\u2019Alkabaya :<\/p>\n","protected":false},"excerpt":{"rendered":"Le groupe st\u00e9phanois Alkabaya se distingue par une particularit\u00e9 peu commune : \u00eatre l\u2019unique r\u00e9f\u00e9rence \u00e0 ce nom&hellip;\n","protected":false},"author":2,"featured_media":33318,"comment_status":"","ping_status":"","sticky":false,"template":"","format":"standard","meta":{"footnotes":""},"categories":[9653],"tags":[1111,11,11071,2430,1777,674,849,1011,27,3367,12,11072,25,4001],"class_list":{"0":"post-33317","1":"post","2":"type-post","3":"status-publish","4":"format-standard","5":"has-post-thumbnail","7":"category-saint-etienne","8":"tag-actu","9":"tag-actualites","10":"tag-alkabaya","11":"tag-auvergne-rhone-alpes","12":"tag-eu","13":"tag-europe","14":"tag-festival","15":"tag-fr","16":"tag-france","17":"tag-loire","18":"tag-news","19":"tag-paroles-musiques","20":"tag-republique-francaise","21":"tag-saint-etienne"},"share_on_mastodon":{"url":"https:\/\/pubeurope.com\/@fr\/114357373740441260","error":""},"_links":{"self":[{"href":"https:\/\/www.europesays.com\/fr\/wp-json\/wp\/v2\/posts\/33317","targetHints":{"allow":["GET"]}}],"collection":[{"href":"https:\/\/www.europesays.com\/fr\/wp-json\/wp\/v2\/posts"}],"about":[{"href":"https:\/\/www.europesays.com\/fr\/wp-json\/wp\/v2\/types\/post"}],"author":[{"embeddable":true,"href":"https:\/\/www.europesays.com\/fr\/wp-json\/wp\/v2\/users\/2"}],"replies":[{"embeddable":true,"href":"https:\/\/www.europesays.com\/fr\/wp-json\/wp\/v2\/comments?post=33317"}],"version-history":[{"count":0,"href":"https:\/\/www.europesays.com\/fr\/wp-json\/wp\/v2\/posts\/33317\/revisions"}],"wp:featuredmedia":[{"embeddable":true,"href":"https:\/\/www.europesays.com\/fr\/wp-json\/wp\/v2\/media\/33318"}],"wp:attachment":[{"href":"https:\/\/www.europesays.com\/fr\/wp-json\/wp\/v2\/media?parent=33317"}],"wp:term":[{"taxonomy":"category","embeddable":true,"href":"https:\/\/www.europesays.com\/fr\/wp-json\/wp\/v2\/categories?post=33317"},{"taxonomy":"post_tag","embeddable":true,"href":"https:\/\/www.europesays.com\/fr\/wp-json\/wp\/v2\/tags?post=33317"}],"curies":[{"name":"wp","href":"https:\/\/api.w.org\/{rel}","templated":true}]}}