{"id":333171,"date":"2025-08-21T05:05:13","date_gmt":"2025-08-21T05:05:13","guid":{"rendered":"https:\/\/www.europesays.com\/fr\/333171\/"},"modified":"2025-08-21T05:05:13","modified_gmt":"2025-08-21T05:05:13","slug":"les-stephanoises-simposent-contre-dijon","status":"publish","type":"post","link":"https:\/\/www.europesays.com\/fr\/333171\/","title":{"rendered":"Les st\u00e9phanoises s&rsquo;imposent contre Dijon !"},"content":{"rendered":"<p><strong>Apr\u00e8s une victoire contre le Servette (2-0) et <a href=\"https:\/\/peuple-vert.fr\/asse-actualite\/asse-standard-liege-arkema-premiere-ligue\/\" target=\"_blank\" rel=\"noopener nofollow\">un<\/a><\/strong> <strong><a href=\"https:\/\/peuple-vert.fr\/asse-actualite\/asse-standard-liege-arkema-premiere-ligue\/\" target=\"_blank\" rel=\"noopener nofollow\">nul contre le Standard de Li\u00e8ge<\/a> (1-1), les Vertes ont disput\u00e9 leur troisi\u00e8me match de pr\u00e9paration face au Dijon FCO. Un rendez-vous important avant la reprise du championnat.<\/strong><\/p>\n<p>Depuis la reprise de l\u2019entra\u00eenement le 21 juillet, les Vertes ont frapp\u00e9 fort sur le march\u00e9 des transferts. Pas moins de dix recrues ont \u00e9t\u00e9 officialis\u00e9es :<\/p>\n<ul>\n<li>Alice Pinguet (gardienne)<\/li>\n<li>Sofie Hornemann, Welma Fon (attaquantes)<\/li>\n<li>Laura Hermann, Rachel Corboz, Deborah Bien-Aim\u00e9 (milieux)<\/li>\n<li>Aleksandra Gaji\u0107, K\u00e9die Johnson, H\u00e9lo\u00efse Mansuy, <a href=\"https:\/\/www.asse.fr\/fr\/actualites\/hallie-meadows-est-verte--ac38925\" target=\"_blank\" rel=\"noopener nofollow\">Hallie Meadows <\/a>(d\u00e9fenseures)<\/li>\n<\/ul>\n<p>Avec ce mercato ambitieux, le staff dirig\u00e9 par S\u00e9bastien Joseph entend structurer un groupe plus comp\u00e9titif et r\u00e9gulier que la saison pass\u00e9e.<\/p>\n<p>Un troisi\u00e8me rendez-vous face au DFCO<\/p>\n<p>Apr\u00e8s avoir battu le Servette de Gen\u00e8ve (0-2) puis accroch\u00e9 le Standard de Li\u00e8ge (1-1), les St\u00e9phanoises poursuivaient leur mont\u00e9e en puissance contre le DFCO. Une opposition face \u00e0 un adversaire direct de l\u2019Arkema Premi\u00e8re Ligue, pens\u00e9e pour affiner les r\u00e9glages \u00e0 l\u2019approche de la reprise.<\/p>\n<blockquote class=\"twitter-tweet\" data-media-max-width=\"560\">\n<p dir=\"ltr\" lang=\"fr\">Le XI de d\u00e9part pour ce troisi\u00e8me match de pr\u00e9paration ! \ud83d\udc9a<a href=\"https:\/\/twitter.com\/hashtag\/ASSEDFCO?src=hash&amp;ref_src=twsrc%5Etfw\" rel=\"nofollow noopener\" target=\"_blank\">#ASSEDFCO<\/a>, H-1 \ud83d\udd1c <a href=\"https:\/\/t.co\/dgHShpiaaP\" rel=\"nofollow\">pic.twitter.com\/dgHShpiaaP<\/a><\/p>\n<p>\u2014 ASSE F\u00e9minines \ud83d\udc78 (@ASSEFeminines) <a href=\"https:\/\/twitter.com\/ASSEFeminines\/status\/1958167138213974113?ref_src=twsrc%5Etfw\" rel=\"nofollow noopener\" target=\"_blank\">August 20, 2025<\/a><\/p>\n<\/blockquote>\n<p>Au stade Salif Keita, les Vertes voulaient faire plaisir \u00e0 leurs supporters. Le d\u00e9but de la rencontre \u00e9tait plut\u00f4t \u00e9quilibr\u00e9. Aucune des deux \u00e9quipes n&rsquo;est r\u00e9ellement parvenue \u00e0 prendre le dessus. \u00c0 la 26 \u00e8me minute de jeu, Sofie Hornemann tente de surprendre la gardienne trop avanc\u00e9e. Sa frappe est finalement contr\u00e9e. Premi\u00e8re grosse occasion pour l&rsquo;ASSE. S\u00e9bastien Joseph effectue ses premiers changements \u00e0 la demi-heure de jeu. Les Vertes poss\u00e8dent un groupe fournie, il faut donner du temps de jeu \u00e0 tout le monde durant la pr\u00e9paration. Ainsi, Alaia Peltier, Welma Fon et Rachel Corboz font leur apparition sur la pelouse. Quelques minutes apr\u00e8s une frappe de Sarah Cambot d\u00e9tourn\u00e9e, l&rsquo;arbitre siffle la mi-temps, 0-0.<\/p>\n<p>C&rsquo;est \u00e0 l&rsquo;heure de jeu que l&rsquo;ASSE parvient \u00e0 faire la diff\u00e9rence. Sur une frappe de loin, Faustine Bataillard marque la premi\u00e8re, 1-0 pour l&rsquo;ASSE ! C&rsquo;est ensuite au tour de Marion Romanelli de faire son apparition sur la pelouse. Suite \u00e0 un corner, Welma Fon voit sa frappe passer au-dessus. A un quart d&rsquo;heure de la fin du temps r\u00e9glementaire, l&rsquo;AS Saint-Etienne effectue plusieurs changements. Deborah Bien-Aim\u00e9, K\u00e9die Johnson, Laura Hermann et Nikolina Istocki entrent sur la pelouse. Dans la minutes qui suit, Nadjma Ali Nadjim et Aleksandra Gaji\u0107 font de m\u00eame.<\/p>\n<p>Les joueuses de l&rsquo;ASSE remporte leur troisi\u00e8me rencontre de la pr\u00e9paration estivale. Prochain match dans seulement trois jours !<\/p>\n<p>Le calendrier de la pr\u00e9paration estivale de l&rsquo;ASSE<\/p>\n<p>Samedi 23 ao\u00fbt : Thonon \u2013 ASSE \u00e0 \u00c9vian<\/p>\n<p>Vendredi 29 ao\u00fbt : ASSE \u2013 MHSC \u00e0 Saint-\u00c9tienne<\/p>\n<p>Samedi 6 septembre : 1\u00e8re journ\u00e9e d\u2019Arkema Premi\u00e8re Ligue \u2013 Nantes \u2013 ASSE<\/p>\n<blockquote class=\"twitter-tweet\" data-media-max-width=\"560\">\n<p lang=\"fr\" dir=\"ltr\">90e : Pour leur troisi\u00e8me match de pr\u00e9paration, les Vertes s\u2019imposent face \u00e0 une \u00e9quipe dijonnaise solide et bien organis\u00e9e. Dans une rencontre rythm\u00e9e et disput\u00e9e, les St\u00e9phanoises ont su faire la diff\u00e9rence gr\u00e2ce \u00e0 un but de Faustine Bataillard. <\/p>\n<p>\ud83d\udc9a 1-0 \ud83d\udd34 <a href=\"https:\/\/twitter.com\/hashtag\/ASSEDFCO?src=hash&amp;ref_src=twsrc%5Etfw\" rel=\"nofollow noopener\" target=\"_blank\">#ASSEDFCO<\/a> <a href=\"https:\/\/t.co\/Kiu9I1QMpj\" rel=\"nofollow\">pic.twitter.com\/Kiu9I1QMpj<\/a><\/p>\n<p>\u2014 ASSE F\u00e9minines \ud83d\udc78 (@ASSEFeminines) <a href=\"https:\/\/twitter.com\/ASSEFeminines\/status\/1958211920458105153?ref_src=twsrc%5Etfw\" rel=\"nofollow noopener\" target=\"_blank\">August 20, 2025<\/a><\/p>\n<\/blockquote>\n<p>\u00a0<\/p>\n<p>\t\t\t\t\t\t\t\t\t\t\t\t\t\t\t\t\t<script async src=\"https:\/\/platform.twitter.com\/widgets.js\" charset=\"utf-8\"><\/script><\/p>\n","protected":false},"excerpt":{"rendered":"Apr\u00e8s une victoire contre le Servette (2-0) et un nul contre le Standard de Li\u00e8ge (1-1), les Vertes&hellip;\n","protected":false},"author":2,"featured_media":333172,"comment_status":"","ping_status":"","sticky":false,"template":"","format":"standard","meta":{"footnotes":""},"categories":[9653],"tags":[1111,11,2430,1777,674,1011,27,12,25,4001],"class_list":{"0":"post-333171","1":"post","2":"type-post","3":"status-publish","4":"format-standard","5":"has-post-thumbnail","7":"category-saint-etienne","8":"tag-actu","9":"tag-actualites","10":"tag-auvergne-rhone-alpes","11":"tag-eu","12":"tag-europe","13":"tag-fr","14":"tag-france","15":"tag-news","16":"tag-republique-francaise","17":"tag-saint-etienne"},"share_on_mastodon":{"url":"https:\/\/pubeurope.com\/@fr\/115065017040533056","error":""},"_links":{"self":[{"href":"https:\/\/www.europesays.com\/fr\/wp-json\/wp\/v2\/posts\/333171","targetHints":{"allow":["GET"]}}],"collection":[{"href":"https:\/\/www.europesays.com\/fr\/wp-json\/wp\/v2\/posts"}],"about":[{"href":"https:\/\/www.europesays.com\/fr\/wp-json\/wp\/v2\/types\/post"}],"author":[{"embeddable":true,"href":"https:\/\/www.europesays.com\/fr\/wp-json\/wp\/v2\/users\/2"}],"replies":[{"embeddable":true,"href":"https:\/\/www.europesays.com\/fr\/wp-json\/wp\/v2\/comments?post=333171"}],"version-history":[{"count":0,"href":"https:\/\/www.europesays.com\/fr\/wp-json\/wp\/v2\/posts\/333171\/revisions"}],"wp:featuredmedia":[{"embeddable":true,"href":"https:\/\/www.europesays.com\/fr\/wp-json\/wp\/v2\/media\/333172"}],"wp:attachment":[{"href":"https:\/\/www.europesays.com\/fr\/wp-json\/wp\/v2\/media?parent=333171"}],"wp:term":[{"taxonomy":"category","embeddable":true,"href":"https:\/\/www.europesays.com\/fr\/wp-json\/wp\/v2\/categories?post=333171"},{"taxonomy":"post_tag","embeddable":true,"href":"https:\/\/www.europesays.com\/fr\/wp-json\/wp\/v2\/tags?post=333171"}],"curies":[{"name":"wp","href":"https:\/\/api.w.org\/{rel}","templated":true}]}}