{"id":333175,"date":"2025-08-21T05:09:17","date_gmt":"2025-08-21T05:09:17","guid":{"rendered":"https:\/\/www.europesays.com\/fr\/333175\/"},"modified":"2025-08-21T05:09:17","modified_gmt":"2025-08-21T05:09:17","slug":"a-sanary-une-cinquantaine-de-tortues-caouanne-sont-nees-et-ont-gagne-la-mer-sanary-sur-mer","status":"publish","type":"post","link":"https:\/\/www.europesays.com\/fr\/333175\/","title":{"rendered":"A Sanary, une cinquantaine de tortues Caouanne sont n\u00e9es et ont gagn\u00e9 la mer &#8211; Sanary-sur-Mer"},"content":{"rendered":"<p>Le 25 juin dernier, une tortue Caouanne \u00e9tait venue pondre devant un restaurant sur la plage Dor\u00e9e \u00e0 Sanary sur Mer.<\/p>\n<p>&#13;<\/p>\n<p>Quelques semaines apr\u00e8s, c&rsquo;est le temps de l&rsquo;\u00e9mergence, avec l&rsquo;\u00e9closion des oeufs et la naissance des tortillons.<\/p>\n<p>&#13;<\/p>\n<p><strong>Ce mardi 19 ao\u00fbt, vers 20h30, les premiers moments d&rsquo;agitation ont eu lieu, avec l&rsquo;\u00e9mergence de 58 tortillons.<\/strong> <strong>Un par un, ils sont sortis du nid enfoui sous le sable et ont regagn\u00e9 la mer, apr\u00e8s un parcours de quelques m\u00e8tres sur le sable.<\/strong> Ce processus a dur\u00e9 une bonne partie de la soir\u00e9e. Habituellement, les naissances des tortues se font de nuit.<\/p>\n<p>&#13;<\/p>\n<p>\u00ab\u00a0Gr\u00e2ce \u00e0 la vigilance de l\u2019association Emergence, au soutien pr\u00e9cieux de l&rsquo;association S\u2019p\u00e8ce et de La Tortue Naturaliste, mais aussi au respect des spectateurs et restaurateurs, plusieurs dizaines de tortillons ont pu rejoindre la mer. L&rsquo;\u00e9mergence est une \u00e9tape majeure, une surveillance est organis\u00e9e pour que tout se passe au mieux.\u00a0\u00bb pr\u00e9cise la Ville de Sanary sur Mer.<\/p>\n<p>&#13;<\/p>\n<p>La p\u00e9riode d&rsquo;incubation des oeufs anticipaient une naissance dans les prochains jours et ce mardi dans la journ\u00e9e, les \u00e9quipes de l&rsquo;association Emergence avaient pr\u00e9par\u00e9 le site pour l&rsquo;\u00e9mergence des tortues: un cheminement avait \u00e9t\u00e9 install\u00e9, avec un parcours bord\u00e9 de bois et des barri\u00e8res b\u00e2ch\u00e9es pour prot\u00e9ger les tortues des lumi\u00e8res potentielles des curieux et t\u00e9l\u00e9phones portables. C&rsquo;est donc un coup de chance et une possibilit\u00e9 que le bruit et les vibrations de l&rsquo;installation de ce cheminement aient pu acc\u00e9l\u00e9rer cette \u00e9mergence.<\/p>\n<p>&#13;<\/p>\n<p><strong>58 tortillons sont sortis du nid et ont regagn\u00e9 la mer, il est possible que d&rsquo;autres \u00e9mergences puissent encore avoir lieu dans les prochains jours sur ce site.\u00a0<\/strong><\/p>\n<p>&#13;<\/p>\n<p>\t\t\t\tLa vid\u00e9o de la naissance&#13;<br \/>\n&#13;<\/p>\n<p>Cr\u00e9dit photo:\u00a0Marie Jo Noulin \/ Facebook Ville de Sanary<\/p>\n","protected":false},"excerpt":{"rendered":"Le 25 juin dernier, une tortue Caouanne \u00e9tait venue pondre devant un restaurant sur la plage Dor\u00e9e \u00e0&hellip;\n","protected":false},"author":2,"featured_media":333176,"comment_status":"","ping_status":"","sticky":false,"template":"","format":"standard","meta":{"footnotes":""},"categories":[9619],"tags":[1111,11,1777,674,1011,27,12,882,25,2310],"class_list":{"0":"post-333175","1":"post","2":"type-post","3":"status-publish","4":"format-standard","5":"has-post-thumbnail","7":"category-toulon","8":"tag-actu","9":"tag-actualites","10":"tag-eu","11":"tag-europe","12":"tag-fr","13":"tag-france","14":"tag-news","15":"tag-provence-alpes-cote-dazur","16":"tag-republique-francaise","17":"tag-toulon"},"share_on_mastodon":{"url":"https:\/\/pubeurope.com\/@fr\/115065032757990139","error":""},"_links":{"self":[{"href":"https:\/\/www.europesays.com\/fr\/wp-json\/wp\/v2\/posts\/333175","targetHints":{"allow":["GET"]}}],"collection":[{"href":"https:\/\/www.europesays.com\/fr\/wp-json\/wp\/v2\/posts"}],"about":[{"href":"https:\/\/www.europesays.com\/fr\/wp-json\/wp\/v2\/types\/post"}],"author":[{"embeddable":true,"href":"https:\/\/www.europesays.com\/fr\/wp-json\/wp\/v2\/users\/2"}],"replies":[{"embeddable":true,"href":"https:\/\/www.europesays.com\/fr\/wp-json\/wp\/v2\/comments?post=333175"}],"version-history":[{"count":0,"href":"https:\/\/www.europesays.com\/fr\/wp-json\/wp\/v2\/posts\/333175\/revisions"}],"wp:featuredmedia":[{"embeddable":true,"href":"https:\/\/www.europesays.com\/fr\/wp-json\/wp\/v2\/media\/333176"}],"wp:attachment":[{"href":"https:\/\/www.europesays.com\/fr\/wp-json\/wp\/v2\/media?parent=333175"}],"wp:term":[{"taxonomy":"category","embeddable":true,"href":"https:\/\/www.europesays.com\/fr\/wp-json\/wp\/v2\/categories?post=333175"},{"taxonomy":"post_tag","embeddable":true,"href":"https:\/\/www.europesays.com\/fr\/wp-json\/wp\/v2\/tags?post=333175"}],"curies":[{"name":"wp","href":"https:\/\/api.w.org\/{rel}","templated":true}]}}