{"id":333179,"date":"2025-08-21T05:11:10","date_gmt":"2025-08-21T05:11:10","guid":{"rendered":"https:\/\/www.europesays.com\/fr\/333179\/"},"modified":"2025-08-21T05:11:10","modified_gmt":"2025-08-21T05:11:10","slug":"lecriture-comme-une-raison-detre-pour-la-lattoise-jo-papini","status":"publish","type":"post","link":"https:\/\/www.europesays.com\/fr\/333179\/","title":{"rendered":"L\u2019\u00e9criture comme une raison d\u2019\u00eatre pour la Lattoise Jo Papini"},"content":{"rendered":"<p>Lattoise depuis une quarantaine d\u2019ann\u00e9es, Jo Papini, professeure de Lettres ayant longuement pratiqu\u00e9 l\u2019art dramatique, a \u00e9t\u00e9 appel\u00e9e au lyc\u00e9e Jean-Monnet pour diriger la section th\u00e9\u00e2tre.<\/p>\n<p>Agr\u00e9\u00e9e par la Drac en tant qu\u2019animatrice d\u2019ateliers d\u2019\u00e9criture, elle a cr\u00e9\u00e9 l\u2019association Ch\u0153ur de plumes et r\u00e9pond chaque ann\u00e9e \u00e0 de nombreuses demandes \u00e0 Lattes, Montpellier et dans les communes avoisinantes : ateliers pour adultes, enfants, adolescents atteints de troubles du spectre autistique, coll\u00e9giens de Lattes, explorant l\u2019\u00e9criture romanesque, th\u00e9\u00e2trale ou po\u00e9tique \u00e0 travers les contes et l\u00e9gendes.<\/p>\n<p><b>Une artiste polyvalente et insatiable<\/b><\/p>\n<p>Elle \u00e9crit et met en sc\u00e8ne, pour le club d\u2019histoire de LLC, de courtes pi\u00e8ces sur des \u00e9v\u00e9nements marquants de l\u2019histoire locale, jou\u00e9es lors des Journ\u00e9es du patrimoine. Elle assiste \u00e9galement Lydia Cabedo, organisatrice de La grande dict\u00e9e lattoise, en cr\u00e9ant et dictant le texte aux \u00e9l\u00e8ves de CM2 ainsi qu\u2019aux participants plus \u00e2g\u00e9s.<\/p>\n<p>Jo Papini \u00e9crit aussi pour elle-m\u00eame et a envoy\u00e9 une pi\u00e8ce de th\u00e9\u00e2tre, Nous on vit l\u00e0, \u00e0 quelques \u00e9diteurs et qui a imm\u00e9diatement \u00e9t\u00e9 accept\u00e9e chez L\u2019Harmattan. Ont suivi des contes pour enfants, ainsi que des l\u00e9gendes c\u00e9venoles puis montpelli\u00e9raines. Elle a ensuite rejoint Occitanie Livre et Lecture, qui regroupe les professionnels du livre.<\/p>\n<p>Elle a publi\u00e9 Montpelli\u00e9raines sans pareilles, un beau livre tr\u00e8s document\u00e9 et richement illustr\u00e9, une longue plong\u00e9e historique sur quatorze femmes n\u00e9es ou ayant v\u00e9cu \u00e0 Montpellier. Elle s\u2019est ensuite lanc\u00e9e dans le roman avec un polar psychologique, Rue de la Madeleine. Un nouveau roman, Manuscrit noir corbeau, pourrait para\u00eetre avant No\u00ebl. Mais l\u2019art est vaste : \u00e0 c\u00f4t\u00e9 de l\u2019\u00e9criture, tant d\u2019autres explorations l\u2019int\u00e9ressent.<\/p>\n<p>D\u00e8s sa retraite, elle a cr\u00e9\u00e9 son autoentreprise, Les Perles d\u2019Iris, et r\u00e9alise des bijoux en perles de verre. Puis, comme on lui a demand\u00e9 des bracelets en cuir pour hommes, elle s\u2019est lanc\u00e9e dans la maroquinerie et cr\u00e9e d\u00e9sormais des sacs vari\u00e9s pour femmes et hommes.<\/p>\n<p>Le hasard lui a fait d\u00e9couvrir une technique de collage particuli\u00e8re qui l\u2019a s\u00e9duite, et elle s\u2019y est mise. Cela pla\u00eet, et une nouvelle exposition est pr\u00e9vue \u00e0 Port Ariane en novembre prochain.<\/p>\n<p>Correspondante Midi Libre : 07 49 09 32 0<\/p>\n","protected":false},"excerpt":{"rendered":"Lattoise depuis une quarantaine d\u2019ann\u00e9es, Jo Papini, professeure de Lettres ayant longuement pratiqu\u00e9 l\u2019art dramatique, a \u00e9t\u00e9 appel\u00e9e&hellip;\n","protected":false},"author":2,"featured_media":333180,"comment_status":"","ping_status":"","sticky":false,"template":"","format":"standard","meta":{"footnotes":""},"categories":[9599],"tags":[1111,11,1777,674,1011,27,2208,12,2680,25],"class_list":{"0":"post-333179","1":"post","2":"type-post","3":"status-publish","4":"format-standard","5":"has-post-thumbnail","7":"category-montpellier","8":"tag-actu","9":"tag-actualites","10":"tag-eu","11":"tag-europe","12":"tag-fr","13":"tag-france","14":"tag-montpellier","15":"tag-news","16":"tag-occitanie","17":"tag-republique-francaise"},"share_on_mastodon":{"url":"https:\/\/pubeurope.com\/@fr\/115065040661388994","error":""},"_links":{"self":[{"href":"https:\/\/www.europesays.com\/fr\/wp-json\/wp\/v2\/posts\/333179","targetHints":{"allow":["GET"]}}],"collection":[{"href":"https:\/\/www.europesays.com\/fr\/wp-json\/wp\/v2\/posts"}],"about":[{"href":"https:\/\/www.europesays.com\/fr\/wp-json\/wp\/v2\/types\/post"}],"author":[{"embeddable":true,"href":"https:\/\/www.europesays.com\/fr\/wp-json\/wp\/v2\/users\/2"}],"replies":[{"embeddable":true,"href":"https:\/\/www.europesays.com\/fr\/wp-json\/wp\/v2\/comments?post=333179"}],"version-history":[{"count":0,"href":"https:\/\/www.europesays.com\/fr\/wp-json\/wp\/v2\/posts\/333179\/revisions"}],"wp:featuredmedia":[{"embeddable":true,"href":"https:\/\/www.europesays.com\/fr\/wp-json\/wp\/v2\/media\/333180"}],"wp:attachment":[{"href":"https:\/\/www.europesays.com\/fr\/wp-json\/wp\/v2\/media?parent=333179"}],"wp:term":[{"taxonomy":"category","embeddable":true,"href":"https:\/\/www.europesays.com\/fr\/wp-json\/wp\/v2\/categories?post=333179"},{"taxonomy":"post_tag","embeddable":true,"href":"https:\/\/www.europesays.com\/fr\/wp-json\/wp\/v2\/tags?post=333179"}],"curies":[{"name":"wp","href":"https:\/\/api.w.org\/{rel}","templated":true}]}}