{"id":333181,"date":"2025-08-21T05:12:25","date_gmt":"2025-08-21T05:12:25","guid":{"rendered":"https:\/\/www.europesays.com\/fr\/333181\/"},"modified":"2025-08-21T05:12:25","modified_gmt":"2025-08-21T05:12:25","slug":"la-conductrice-de-la-voiture-est-decedee","status":"publish","type":"post","link":"https:\/\/www.europesays.com\/fr\/333181\/","title":{"rendered":"la conductrice de la voiture est d\u00e9c\u00e9d\u00e9e"},"content":{"rendered":"<p>            Par<br \/>\n        <strong><br \/>\n            <a href=\"https:\/\/actu.fr\/auteur\/metropoop\" title=\"Consulter tous les articles de R\u00e9daction M\u00e9tropolitain\" rel=\"nofollow noopener\" target=\"_blank\">R\u00e9daction M\u00e9tropolitain<\/a><br \/>\n        <\/strong><\/p>\n<p>        Publi\u00e9 le<\/p>\n<p>            20 ao\u00fbt 2025 \u00e0 9h50<br \/>\n        ; mis \u00e0 jour le 20 ao\u00fbt 2025 \u00e0 9h51    <\/p>\n<p>La route a encore tu\u00e9 dans l<strong>\u2018H\u00e9rault<\/strong> : ce mardi 19 ao\u00fbt 2025 en matin\u00e9e, une violente collision s\u2019est produite sur la RD 132, \u00e0 <strong>Saint-Jean-de-V\u00e9das,<\/strong> entre un poids lourd et une voiture. La conductrice de celle-ci est d\u00e9c\u00e9d\u00e9e au <strong>CHU de Montpellier<\/strong>.<\/p>\n<p>    <a href=\"https:\/\/www.google.com\/maps\/embed?pb=!1m18!1m12!1m3!1d13603.888528596333!2d3.8207529729392378!3d43.590821034860404!2m3!1f0!2f0!3f0!3m2!1i1024!2i768!4f13.1!3m3!1m2!1s0x12b6ade0a24a0d3f%3A0x62e4ca8b2b4b706b!2sRdpt%20Maurice%20Gennevaux!5e0!3m2!1sfr!2sfr!4v1755673127395!5m2!1sfr!2sfr\" title=\"Ouvrie le lien\" rel=\"nofollow noopener\" target=\"_blank\">Cliquez ici pour visualiser le contenu<\/a><\/p>\n<p class=\" wall-content\">Dans des circonstances que les <strong>gendarmes<\/strong> de la compagnie de Castelnau-le-Lez s\u2019emploient \u00e0 \u00e9tablir, notamment par l\u2019audition du chauffeur du poids lourd, indemne, mais en \u00e9tat de choc et des t\u00e9moins, la voiture semble s\u2019\u00eatre d\u00e9port\u00e9e subitement, sur la RD 132, sur la portion comprise entre les ronds points de Rieucoulon et de\u00a0Maurice-Gennevaux dit de \u00ab\u00a0Chez Paulette\u00a0\u00bb, entre Saint-Jean-de-V\u00e9das et le quartier de la Mosson, \u00e0 Montpellier.<\/p>\n<p class=\" wall-content\">Un choc terrible qui a disloqu\u00e9 le v\u00e9hicule. La conductrice, une r\u00e9sidante de Juvignac \u00e2g\u00e9e de 59 ans a \u00e9t\u00e9 gri\u00e8vement bless\u00e9e et m\u00e9dicalis\u00e9e sur place par les sapeurs-pompiers du <strong>Sdis 34<\/strong> et une \u00e9quipe du <strong>Smur-Samu<\/strong>, avant d\u2019\u00eatre \u00e9vacu\u00e9e en urgence absolue, avec le pronostic vital engag\u00e9 au CHU, o\u00f9 elle est d\u00e9c\u00e9d\u00e9e dans l\u2019apr\u00e8s-midi.<\/p>\n<p>Pr\u00e8s de quarante morts d\u00e9j\u00e0<\/p>\n<p class=\" wall-content\">Une proc\u00e9dure pour le d\u00e9lit routier d\u2019<strong>homicide involontaire<\/strong> est ouverte par les gendarmes sous la direction du parquet de Montpellier. Les investigations se poursuivent.<\/p>\n<p>Vid\u00e9os : en ce moment sur Actu<\/p>\n<p class=\" wall-content\">Le nombre de personnes tu\u00e9es sur les routes qui d\u00e9partement depuis le d\u00e9but de l\u2019ann\u00e9e avoisine les quarante ce mercredi 20 ao\u00fbt 2025, un chiffre qui d\u00e9passe largement celui de l\u2019ann\u00e9e derni\u00e8re enregistr\u00e9 \u00e0 la m\u00eame p\u00e9riode, selon la pr\u00e9fecture de l\u2019H\u00e9rault.<\/p>\n<p class=\" wall-content\">Personnalisez votre actualit\u00e9 en ajoutant vos villes et m\u00e9dias en favori avec <a href=\"https:\/\/moncompte.actu.fr\" title=\"D\u00e9couvez Mon Actu\" rel=\"nofollow noopener\" data-trk=\"{&quot;cta&quot;:{&quot;action&quot;:&quot;https:\\\/\\\/moncompte.actu.fr&quot;,&quot;category&quot;:&quot;mon compte&quot;,&quot;from&quot;:&quot;article footer&quot;,&quot;name&quot;:&quot;Mon actu&quot;,&quot;type&quot;:&quot;cta&quot;}}\" target=\"_blank\">Mon Actu<\/a>.<\/p>\n","protected":false},"excerpt":{"rendered":"Par R\u00e9daction M\u00e9tropolitain Publi\u00e9 le 20 ao\u00fbt 2025 \u00e0 9h50 ; mis \u00e0 jour le 20 ao\u00fbt 2025&hellip;\n","protected":false},"author":2,"featured_media":166639,"comment_status":"","ping_status":"","sticky":false,"template":"","format":"standard","meta":{"footnotes":""},"categories":[9599],"tags":[1111,11,1777,674,118,1011,27,2208,12,2680,25],"class_list":{"0":"post-333181","1":"post","2":"type-post","3":"status-publish","4":"format-standard","5":"has-post-thumbnail","7":"category-montpellier","8":"tag-actu","9":"tag-actualites","10":"tag-eu","11":"tag-europe","12":"tag-faits-divers","13":"tag-fr","14":"tag-france","15":"tag-montpellier","16":"tag-news","17":"tag-occitanie","18":"tag-republique-francaise"},"share_on_mastodon":{"url":"https:\/\/pubeurope.com\/@fr\/115065044656392428","error":""},"_links":{"self":[{"href":"https:\/\/www.europesays.com\/fr\/wp-json\/wp\/v2\/posts\/333181","targetHints":{"allow":["GET"]}}],"collection":[{"href":"https:\/\/www.europesays.com\/fr\/wp-json\/wp\/v2\/posts"}],"about":[{"href":"https:\/\/www.europesays.com\/fr\/wp-json\/wp\/v2\/types\/post"}],"author":[{"embeddable":true,"href":"https:\/\/www.europesays.com\/fr\/wp-json\/wp\/v2\/users\/2"}],"replies":[{"embeddable":true,"href":"https:\/\/www.europesays.com\/fr\/wp-json\/wp\/v2\/comments?post=333181"}],"version-history":[{"count":0,"href":"https:\/\/www.europesays.com\/fr\/wp-json\/wp\/v2\/posts\/333181\/revisions"}],"wp:featuredmedia":[{"embeddable":true,"href":"https:\/\/www.europesays.com\/fr\/wp-json\/wp\/v2\/media\/166639"}],"wp:attachment":[{"href":"https:\/\/www.europesays.com\/fr\/wp-json\/wp\/v2\/media?parent=333181"}],"wp:term":[{"taxonomy":"category","embeddable":true,"href":"https:\/\/www.europesays.com\/fr\/wp-json\/wp\/v2\/categories?post=333181"},{"taxonomy":"post_tag","embeddable":true,"href":"https:\/\/www.europesays.com\/fr\/wp-json\/wp\/v2\/tags?post=333181"}],"curies":[{"name":"wp","href":"https:\/\/api.w.org\/{rel}","templated":true}]}}