{"id":333184,"date":"2025-08-21T05:14:18","date_gmt":"2025-08-21T05:14:18","guid":{"rendered":"https:\/\/www.europesays.com\/fr\/333184\/"},"modified":"2025-08-21T05:14:18","modified_gmt":"2025-08-21T05:14:18","slug":"football-national-quel-est-votre-pronostic-pour-rouen","status":"publish","type":"post","link":"https:\/\/www.europesays.com\/fr\/333184\/","title":{"rendered":"Football &#8211; National. Quel est votre pronostic pour Rouen"},"content":{"rendered":"<p>Leader de National apr\u00e8s les deux premi\u00e8res journ\u00e9es, le FC Sochaux voyage \u00e0 Rouen ce vendredi soir. Quel est votre pronostic\u00a0?<\/p>\n<p>&#13;<br \/>\n              L&rsquo;Est R\u00e9publicain  &#8211; &#13;<br \/>\n        &#13;<br \/>\n          Aujourd&rsquo;hui \u00e0 05:00&#13;<br \/>\n    &#13;<br \/>\n        &#8211; Temps de lecture : &#13;<br \/>\n  &#13;\n<\/p>\n<p>                        &#13;<br \/>\n    &#13;<br \/>\n    &#13;<br \/>\n    <a href=\"https:\/\/cdn-s-www.estrepublicain.fr\/images\/0F9FA945-0FA0-4974-AB56-B06C8E7CD8E4\/NW_raw\/kapit-djoco-tentera-d-ajouter-un-deuxieme-but-a-son-compteur-photo-lionel-vadam-1755692316.jpg\" title=\"Kapit Djoco tentera d&#039;ajouter un deuxi\u00e8me but \u00e0 son compteur. Photo Lionel Vadam\" class=\"chocolat-image GA-tracking\" data-ga_type=\"click\" data-ga_category=\"D\u00e9tail\" data-ga_action=\"zoomer\" data-ga_label=\"aggrandir image\" target=\"_blank\" rel=\"noopener\">&#13;<br \/>\n        <img src=\"https:\/\/www.europesays.com\/fr\/wp-content\/uploads\/2025\/08\/kapit-djoco-tentera-d-ajouter-un-deuxieme-but-a-son-compteur-photo-lionel-vadam-1755692316.jpg\"   alt=\"Kapit Djoco tentera d'ajouter un deuxi\u00e8me but \u00e0 son compteur. Photo Lionel Vadam\" fetchpriority=\"high\" decoding=\"async\" data-mobile=\"NW_detail_M|1755692316\" data-base=\"NW_detail|1755692316\"\/>&#13;<br \/>\n    <\/a>&#13;<\/p>\n<p>Kapit Djoco tentera d&rsquo;ajouter un deuxi\u00e8me but \u00e0 son compteur. Photo Lionel Vadam<\/p>\n","protected":false},"excerpt":{"rendered":"Leader de National apr\u00e8s les deux premi\u00e8res journ\u00e9es, le FC Sochaux voyage \u00e0 Rouen ce vendredi soir. Quel&hellip;\n","protected":false},"author":2,"featured_media":333185,"comment_status":"","ping_status":"","sticky":false,"template":"","format":"standard","meta":{"footnotes":""},"categories":[9587],"tags":[1111,11,8026,10332,1777,674,14186,63,1011,27,12,5161,11058,25,9590,14187,14185,47070],"class_list":{"0":"post-333184","1":"post","2":"type-post","3":"status-publish","4":"format-standard","5":"has-post-thumbnail","7":"category-rouen","8":"tag-actu","9":"tag-actualites","10":"tag-doubs","11":"tag-edition-belfort-hericourt-montbeliard","12":"tag-eu","13":"tag-europe","14":"tag-fc-sochaux-montbeliard","15":"tag-football","16":"tag-fr","17":"tag-france","18":"tag-news","19":"tag-normandie","20":"tag-region-franche-comte","21":"tag-republique-francaise","22":"tag-rouen","23":"tag-sochaux","24":"tag-sport-franc-comtois","25":"tag-vote-sport-franc-comtois"},"share_on_mastodon":{"url":"https:\/\/pubeurope.com\/@fr\/115065052959076369","error":""},"_links":{"self":[{"href":"https:\/\/www.europesays.com\/fr\/wp-json\/wp\/v2\/posts\/333184","targetHints":{"allow":["GET"]}}],"collection":[{"href":"https:\/\/www.europesays.com\/fr\/wp-json\/wp\/v2\/posts"}],"about":[{"href":"https:\/\/www.europesays.com\/fr\/wp-json\/wp\/v2\/types\/post"}],"author":[{"embeddable":true,"href":"https:\/\/www.europesays.com\/fr\/wp-json\/wp\/v2\/users\/2"}],"replies":[{"embeddable":true,"href":"https:\/\/www.europesays.com\/fr\/wp-json\/wp\/v2\/comments?post=333184"}],"version-history":[{"count":0,"href":"https:\/\/www.europesays.com\/fr\/wp-json\/wp\/v2\/posts\/333184\/revisions"}],"wp:featuredmedia":[{"embeddable":true,"href":"https:\/\/www.europesays.com\/fr\/wp-json\/wp\/v2\/media\/333185"}],"wp:attachment":[{"href":"https:\/\/www.europesays.com\/fr\/wp-json\/wp\/v2\/media?parent=333184"}],"wp:term":[{"taxonomy":"category","embeddable":true,"href":"https:\/\/www.europesays.com\/fr\/wp-json\/wp\/v2\/categories?post=333184"},{"taxonomy":"post_tag","embeddable":true,"href":"https:\/\/www.europesays.com\/fr\/wp-json\/wp\/v2\/tags?post=333184"}],"curies":[{"name":"wp","href":"https:\/\/api.w.org\/{rel}","templated":true}]}}